{"id":270,"date":"2024-04-15T14:32:32","date_gmt":"2024-04-15T14:32:32","guid":{"rendered":"https:\/\/pro2.acentemjet.com.tr\/?p=270"},"modified":"2024-04-20T13:17:43","modified_gmt":"2024-04-20T13:17:43","slug":"ailem-sigortasi","status":"publish","type":"post","link":"https:\/\/pro2.acentemjet.com.tr\/index.php\/2024\/04\/15\/ailem-sigortasi\/","title":{"rendered":"Ailem Sigortas\u0131"},"content":{"rendered":"\t\t<div data-elementor-type=\"wp-post\" data-elementor-id=\"270\" class=\"elementor elementor-270\">\n\t\t\t\t<div class=\"elementor-element elementor-element-19c15769 e-flex e-con-boxed e-con e-parent\" data-id=\"19c15769\" data-element_type=\"container\" data-core-v316-plus=\"true\">\n\t\t\t\t\t<div class=\"e-con-inner\">\n\t\t\t\t\t<\/div>\n\t\t\t\t<\/div>\n\t\t\t\t<section class=\"elementor-section elementor-top-section elementor-element elementor-element-6a290e4c elementor-section-boxed elementor-section-height-default elementor-section-height-default\" data-id=\"6a290e4c\" data-element_type=\"section\">\n\t\t\t\t\t\t<div class=\"elementor-container elementor-column-gap-default\">\n\t\t\t\t\t<div class=\"elementor-column elementor-col-50 elementor-top-column elementor-element elementor-element-41037822\" data-id=\"41037822\" data-element_type=\"column\">\n\t\t\t<div class=\"elementor-widget-wrap elementor-element-populated\">\n\t\t\t\t<div class=\"elementor-element elementor-element-1eea6b67 e-flex e-con-boxed e-con e-parent\" data-id=\"1eea6b67\" data-element_type=\"container\" data-core-v316-plus=\"true\">\n\t\t\t\t\t<div class=\"e-con-inner\">\n\t\t\t\t<div class=\"elementor-element elementor-element-3baa19e8 elementor-widget elementor-widget-text-editor\" data-id=\"3baa19e8\" data-element_type=\"widget\" data-widget_type=\"text-editor.default\">\n\t\t\t\t<div class=\"elementor-widget-container\">\n\t\t\t<style>\/*! elementor - v3.20.0 - 26-03-2024 *\/\n.elementor-widget-text-editor.elementor-drop-cap-view-stacked .elementor-drop-cap{background-color:#69727d;color:#fff}.elementor-widget-text-editor.elementor-drop-cap-view-framed .elementor-drop-cap{color:#69727d;border:3px solid;background-color:transparent}.elementor-widget-text-editor:not(.elementor-drop-cap-view-default) .elementor-drop-cap{margin-top:8px}.elementor-widget-text-editor:not(.elementor-drop-cap-view-default) .elementor-drop-cap-letter{width:1em;height:1em}.elementor-widget-text-editor .elementor-drop-cap{float:left;text-align:center;line-height:1;font-size:50px}.elementor-widget-text-editor .elementor-drop-cap-letter{display:inline-block}<\/style>\t\t\t\t<p><!-- wp:paragraph --><\/p>\n<p>AXA S\u0130GORTA sizi ve sevdiklerinizi Ailem Sigortas\u0131 ile g\u00fcvence alt\u0131na al\u0131yor.<\/p>\n<p><!-- \/wp:paragraph --><\/p>\n<p><!-- wp:paragraph --><\/p>\n<p><strong>A\u0130LEN\u0130Z B\u0130Z\u0130M \u0130\u00c7\u0130N \u00d6NEML\u0130<\/strong><\/p>\n<p><!-- \/wp:paragraph --><\/p>\n<p><!-- wp:paragraph --><\/p>\n<p>AXA S\u0130GORTA sizi ve\/veya ailenizi, ferdi kaza teminatlar\u0131 ile kazalara kar\u015f\u0131, hukuksal koruma teminat\u0131 ile de hukuki uyu\u015fmazl\u0131klara kar\u015f\u0131 korurken, ayn\u0131 zamanda sizin, e\u015finizin, \u00e7ocuklar\u0131n\u0131z\u0131n, birlikte ya\u015fad\u0131\u011f\u0131n\u0131z ve bakmakla y\u00fck\u00fcml\u00fc oldu\u011funuz ki\u015filerin, hizmetlilerin ve evcil hayvanlar\u0131n\u0131z\u0131n, \u00fc\u00e7\u00fcnc\u00fc \u015fah\u0131slara verebilecekleri maddi ve bedeni hasarlara kar\u015f\u0131 sorumluluklar\u0131n\u0131 da teminat alt\u0131na al\u0131r.<\/p>\n<p><!-- \/wp:paragraph --><\/p>\n<p><!-- wp:paragraph --><\/p>\n<p><strong>A\u0130LEM S\u0130GORTASI \u0130LE<\/strong><\/p>\n<p><!-- \/wp:paragraph --><\/p>\n<p><!-- wp:list --><\/p>\n<ul>\n<li style=\"list-style-type: none;\">\n<ul><!-- wp:list-item --><\/ul>\n<\/li>\n<\/ul>\n<p>\u00a0<\/p>\n<ul>\n<li style=\"list-style-type: none;\">\n<ul>\n<li>T\u00fcm aile fertlerinize otomatik olarak ferdi kaza g\u00fcvencesi verilir.<\/li>\n<\/ul>\n<\/li>\n<\/ul>\n<p><!-- \/wp:list-item --><\/p>\n<p><!-- wp:list-item --><\/p>\n<ul>\n<li style=\"list-style-type: none;\">\n<ul>\n<li>T\u00fcm aile fertlerinin, hatta evcil hayvanlar\u0131n\u0131z\u0131n da 3. \u015fah\u0131slara verebilecekleri maddi ve bedeni hasarlara kar\u015f\u0131 sorumluluklar\u0131, g\u00fcvence alt\u0131na al\u0131n\u0131r.<\/li>\n<\/ul>\n<\/li>\n<\/ul>\n<p><!-- \/wp:list-item --><\/p>\n<p><!-- wp:list-item --><\/p>\n<ul>\n<li style=\"list-style-type: none;\">\n<ul>\n<li>T\u00fcm aile fertlerine kapka\u00e7 teminat\u0131 verilir.<\/li>\n<\/ul>\n<\/li>\n<\/ul>\n<p><!-- \/wp:list-item --><\/p>\n<p><!-- wp:list-item --><\/p>\n<ul>\n<li style=\"list-style-type: none;\">\n<ul>\n<li>T\u00fcm aile fertlerine, kasko ya da konut poli\u00e7esi olmasa bile olduk\u00e7a geni\u015f asistans hizmeti verilir.<\/li>\n<\/ul>\n<\/li>\n<\/ul>\n<p><!-- \/wp:list-item --><\/p>\n<p><!-- \/wp:list --><\/p>\n<p><!-- wp:paragraph --><\/p>\n<p><strong>FERD\u0130 KAZA TEM\u0130NATI<\/strong><\/p>\n<p><!-- \/wp:paragraph --><\/p>\n<p><!-- wp:paragraph --><\/p>\n<p>T\u00fcm aile fertleri i\u00e7in beklenmedik ve ani kazalarda \u00f6l\u00fcm ve s\u00fcrekli sakatl\u0131k teminatlar\u0131n\u0131 alarak g\u00fcvence sahibi olabilirsiniz.<\/p>\n<p><!-- \/wp:paragraph --><\/p>\n<p><!-- wp:paragraph --><\/p>\n<p><strong>\u00d6L\u00dcM TEM\u0130NATI<\/strong><\/p>\n<p><!-- \/wp:paragraph --><\/p>\n<p><!-- wp:paragraph --><\/p>\n<p>Sizin ve\/veya sigorta kapsam\u0131na dahil etti\u011finiz aile bireylerinin ani ve beklenmedik bir kaza neticesinde derhal veya kaza tarihinden itibaren bir sene zarf\u0131nda kaza ile do\u011frudan ilgili bir nedenden dolay\u0131 vefat etmesi durumu ferdi kaza sigortas\u0131 genel \u015fartlar\u0131 \u00e7er\u00e7evesinde teminat alt\u0131na al\u0131n\u0131r.<\/p>\n<p><!-- \/wp:paragraph --><\/p>\n<p><!-- wp:paragraph --><\/p>\n<p><strong>S\u00dcREKL\u0130 SAKATLIK TEM\u0130NATI<\/strong><\/p>\n<p><!-- \/wp:paragraph --><\/p>\n<p><!-- wp:paragraph --><\/p>\n<p>Sizin ve\/veya sigorta kapsam\u0131na dahil etti\u011finiz aile bireylerinin derhal veya kaza tarihinden itibaren 2 y\u0131l s\u00fcresince kal\u0131c\u0131 sakatl\u0131\u011f\u0131 s\u00f6z konusu oldu\u011fu takdirde t\u0131bbi tedavinin sona ermesini ve kal\u0131c\u0131 sakatl\u0131\u011f\u0131n kesinlikle tespitini takiben, kal\u0131c\u0131 sakatl\u0131k tazminat bedeli ferdi kaza sigortas\u0131 genel \u015fartlar\u0131nda belirtilen oranlar dahilinde sigortal\u0131n\u0131n kendisine \u00f6denir.<\/p>\n<p><!-- \/wp:paragraph --><\/p>\n<p><!-- wp:paragraph --><\/p>\n<p><strong>3. \u015eAHIS SORUMLULUK<\/strong><\/p>\n<p><!-- \/wp:paragraph --><\/p>\n<p><!-- wp:paragraph --><\/p>\n<p>T\u00fcm ailenizin, birlikte ya\u015fay\u0131p bakmakla y\u00fck\u00fcml\u00fc oldu\u011funuz ki\u015filerin, hizmetlilerin ve evcil hayvanlar\u0131n\u0131z\u0131n, \u00fc\u00e7\u00fcnc\u00fc ki\u015filere verebilecekleri maddi ve bedeni zararlar g\u00fcvence alt\u0131na al\u0131n\u0131r.<\/p>\n<p><!-- \/wp:paragraph --><\/p>\n<p><!-- wp:paragraph --><\/p>\n<p><strong>K\u0130\u015e\u0130SEL E\u015eYALAR G\u00dcVENCE ALTINDA<\/strong><\/p>\n<p><!-- \/wp:paragraph --><\/p>\n<p><!-- wp:paragraph --><\/p>\n<p>Aile bireylerinin kimlik belgelerinin (n\u00fcfus c\u00fczdan\u0131, pasaport, ehliyet, kimlik belgeleri gibi) \u00fc\u00e7\u00fcnc\u00fc ki\u015filer taraf\u0131ndan ger\u00e7ekle\u015ftirilebilecek gasp, kap-ka\u00e7 sonucunda \u00e7al\u0131nmas\u0131 veya hasarlanmas\u0131ndan do\u011fan maddi zararlar, resmi belgeyle ispatlanmas\u0131 ko\u015fuluyla teminat alt\u0131na al\u0131n\u0131r.<\/p>\n<p><!-- \/wp:paragraph --><\/p>\n<p><!-- wp:paragraph --><\/p>\n<p><strong>AS\u0130STANS H\u0130ZMETLER\u0130<\/strong><\/p>\n<p><!-- \/wp:paragraph --><\/p>\n<p><!-- wp:paragraph --><\/p>\n<p>T\u00fcm aile fertlerine a\u015fa\u011f\u0131daki asistans hizmetleri de verilmektedir.<\/p>\n<p><!-- \/wp:paragraph --><\/p>\n<p><!-- wp:list --><\/p>\n<ul>\n<li style=\"list-style-type: none;\">\n<ul><!-- wp:list-item --><\/ul>\n<\/li>\n<\/ul>\n<p>\u00a0<\/p>\n<ul>\n<li style=\"list-style-type: none;\">\n<ul>\n<li>Medikal Yard\u0131m<\/li>\n<\/ul>\n<\/li>\n<\/ul>\n<p><!-- \/wp:list-item --><\/p>\n<p><!-- wp:list-item --><\/p>\n<ul>\n<li style=\"list-style-type: none;\">\n<ul>\n<li>T\u0131bbi Bilgi ve Dan\u0131\u015fmanl\u0131k<\/li>\n<\/ul>\n<\/li>\n<\/ul>\n<p><!-- \/wp:list-item --><\/p>\n<p><!-- wp:list-item --><\/p>\n<ul>\n<li style=\"list-style-type: none;\">\n<ul>\n<li>T\u0131bbi Nakil<\/li>\n<\/ul>\n<\/li>\n<\/ul>\n<p><!-- \/wp:list-item --><\/p>\n<p><!-- wp:list-item --><\/p>\n<ul>\n<li style=\"list-style-type: none;\">\n<ul>\n<li>Hastaneye Nakil<\/li>\n<\/ul>\n<\/li>\n<\/ul>\n<p><!-- \/wp:list-item --><\/p>\n<p><!-- wp:list-item --><\/p>\n<ul>\n<li style=\"list-style-type: none;\">\n<ul>\n<li>Bir Hastaneden Di\u011ferine Nakil<\/li>\n<\/ul>\n<\/li>\n<\/ul>\n<p><!-- \/wp:list-item --><\/p>\n<p><!-- wp:list-item --><\/p>\n<ul>\n<li style=\"list-style-type: none;\">\n<ul>\n<li>Eve \/ \u0130kamet Yak\u0131n\u0131ndaki Hastaneye Nakil<\/li>\n<\/ul>\n<\/li>\n<\/ul>\n<p><!-- \/wp:list-item --><\/p>\n<p><!-- wp:list-item --><\/p>\n<ul>\n<li style=\"list-style-type: none;\">\n<ul>\n<li>Yol Yard\u0131m<\/li>\n<\/ul>\n<\/li>\n<\/ul>\n<p><!-- \/wp:list-item --><\/p>\n<p><!-- wp:list-item --><\/p>\n<ul>\n<li style=\"list-style-type: none;\">\n<ul>\n<li>Konut Yard\u0131m<\/li>\n<\/ul>\n<\/li>\n<\/ul>\n<p><!-- \/wp:list-item --><\/p>\n<p><!-- wp:list-item --><\/p>\n<ul>\n<li style=\"list-style-type: none;\">\n<ul>\n<li>\u0130\u015fyeri Yard\u0131m<\/li>\n<\/ul>\n<\/li>\n<\/ul>\n<p><!-- \/wp:list-item --><\/p>\n<p><!-- wp:list-item --><\/p>\n<ul>\n<li style=\"list-style-type: none;\">\n<ul>\n<li>\u00c7ilingir<\/li>\n<\/ul>\n<\/li>\n<\/ul>\n<p><!-- \/wp:list-item --><\/p>\n<p><!-- wp:list-item --><\/p>\n<ul>\n<li style=\"list-style-type: none;\">\n<ul>\n<li>G\u00fcvenlik Hizmeti<\/li>\n<\/ul>\n<\/li>\n<\/ul>\n<p><!-- \/wp:list-item --><\/p>\n<p><!-- \/wp:list --><\/p>\t\t\t\t\t\t<\/div>\n\t\t\t\t<\/div>\n\t\t\t\t\t<\/div>\n\t\t\t\t<\/div>\n\t\t\t\t\t<\/div>\n\t\t<\/div>\n\t\t\t\t<div class=\"elementor-column elementor-col-50 elementor-top-column elementor-element elementor-element-4a11b78e\" data-id=\"4a11b78e\" data-element_type=\"column\">\n\t\t\t<div class=\"elementor-widget-wrap elementor-element-populated\">\n\t\t\t\t\t\t<div class=\"elementor-element elementor-element-5e1fb5dd elementor-widget elementor-widget-sidebar\" data-id=\"5e1fb5dd\" data-element_type=\"widget\" data-widget_type=\"sidebar.default\">\n\t\t\t\t<div class=\"elementor-widget-container\">\n\t\t\t<li id=\"block-7\" class=\"widget widget_block\">\n<div class=\"wp-block-group has-background is-vertical is-content-justification-center is-layout-flex wp-container-core-group-is-layout-4b2eccd6 wp-block-group-is-layout-flex\" style=\"background-color:#028639\"><div class=\"wp-block-image\">\n<figure class=\"aligncenter size-large is-resized\"><img fetchpriority=\"high\" decoding=\"async\" fetchpriority=\"high\" width=\"745\" height=\"1024\" src=\"https:\/\/pro2.acentemjet.com.tr\/wp-content\/uploads\/2024\/04\/transparent-ui-icon-pin-icon-location-icon-5df084a487e478.7119334115760436845566-745x1024.png\" alt=\"\" class=\"wp-image-67\" style=\"width:91px;height:auto\" srcset=\"https:\/\/pro2.acentemjet.com.tr\/wp-content\/uploads\/2024\/04\/transparent-ui-icon-pin-icon-location-icon-5df084a487e478.7119334115760436845566-745x1024.png 745w, https:\/\/pro2.acentemjet.com.tr\/wp-content\/uploads\/2024\/04\/transparent-ui-icon-pin-icon-location-icon-5df084a487e478.7119334115760436845566-218x300.png 218w, https:\/\/pro2.acentemjet.com.tr\/wp-content\/uploads\/2024\/04\/transparent-ui-icon-pin-icon-location-icon-5df084a487e478.7119334115760436845566-768x1056.png 768w, https:\/\/pro2.acentemjet.com.tr\/wp-content\/uploads\/2024\/04\/transparent-ui-icon-pin-icon-location-icon-5df084a487e478.7119334115760436845566.png 950w\" sizes=\"(max-width: 745px) 100vw, 745px\" \/><\/figure>\n<\/div><\/div>\n<\/li>\n<li id=\"block-9\" class=\"widget widget_block\"><!DOCTYPE html>\n<html lang=\"en\">\n<head>\n<meta charset=\"UTF-8\">\n<meta name=\"viewport\" content=\"width=device-width, initial-scale=1.0\">\n<title>Arka Planl\u0131 Div<\/title>\n<style>\n    .background-div {\n        background-color: #028639;\n        padding: 20px;\n        text-align: center;\n    }\n    .position-img {\n        margin-bottom: 20px;\n    }\n    select {\n        width: 100%;\n        padding: 10px;\n        margin-bottom: 20px;\n    }\n    .btn {\n        background-color: rgba(0, 0, 0, 0.5);\n        color: white;\n        padding: 10px 20px;\n        border: none;\n        border-radius: 5px;\n        cursor: pointer;\n        transition: background-color 0.3s ease;\n    }\n    .btn:hover {\n        background-color: rgba(0, 0, 0, 0.7);\n    }\n    .btn-dark {\n        background-color: rgba(0, 0, 0, 0.9);\n    }\n<\/style>\n<\/head>\n<body>\n<div class=\"background-div\">\n    \n    <select name=\"ctl00$MainContent$DropDownList1\" onchange=\"javascript:setTimeout('__doPostBack(\\'ctl00$MainContent$DropDownList1\\',\\'\\')', 0)\" id=\"MainContent_DropDownList1\" class=\"styled-select auto-style12\">\n        <option selected=\"selected\" value=\"-1\">Sigorta T\u00fcr\u00fcn\u00fc Se\u00e7iniz<\/option>\n        <option value=\"1\">Kasko<\/option>\n        <option value=\"2\">Trafik Sigortas\u0131<\/option>\n        <option value=\"3\">Seyahat Sigortas\u0131<\/option>\n        <option value=\"4\">Konut Sigortas\u0131<\/option>\n        <option value=\"5\">Tamamlay\u0131c\u0131 Sa\u011fl\u0131k<\/option>\n        <option value=\"6\">\u0130\u015fyeri Sigortas\u0131<\/option>\n        <option value=\"7\">Sa\u011fl\u0131k Sigortas\u0131<\/option>\n        <option value=\"8\">Dask<\/option>\n        <option value=\"9\">Bireysel Emeklilik<\/option>\n    <\/select>\n    <button class=\"btn\">TEKL\u0130F AL<\/button><br><br>\n    <button class=\"btn btn-dark\">POL\u0130\u00c7E HATIRLAT<\/button>\n<\/div>\n<\/body>\n<\/html><\/li>\n<li id=\"block-12\" class=\"widget widget_block\">\n<figure class=\"wp-block-pullquote\"><blockquote><p><strong>H\u0130ZMETLER\u0130M\u0130Z<\/strong><\/p><\/blockquote><\/figure>\n<\/li>\n<li id=\"block-11\" class=\"widget widget_block\"><div ><style id=\"sp_pcp_dynamic_style195\">#pcp_wrapper-195 .sp-pcp-row{ margin-right: -10px;margin-left: -10px;}#pcp_wrapper-195 .sp-pcp-row [class*='sp-pcp-col-']{padding-right: 10px;padding-left: 10px;padding-bottom: 20px;}.pcp-wrapper-195 .sp-pcp-title a {color: #111;display: inherit;} .pcp-wrapper-195 .sp-pcp-title a:hover {color: #e1624b;}.pcp-wrapper-195 .sp-pcp-post-content{color: #444; }#pcp_wrapper-195 .dots .swiper-pagination-bullet{ background: #cccccc; } #pcp_wrapper-195 .dots .swiper-pagination-bullet-active { background: #D64224; }#pcp_wrapper-195 .pcp-button-prev,#pcp_wrapper-195 .pcp-button-next{ background-image: none; background-size: auto; background-color: #fff; height: 33px; width: 33px; margin-top: 8px; border: 1px solid #aaa; text-align: center; line-height: 30px; -webkit-transition: 0.3s; }#pcp_wrapper-195 .pcp-button-prev:hover, #pcp_wrapper-195 .pcp-button-next:hover{ background-color: #D64224; border-color: #D64224; } #pcp_wrapper-195 .pcp-button-prev .fa, #pcp_wrapper-195 .pcp-button-next .fa { color: #aaa; } #pcp_wrapper-195 .pcp-button-prev:hover .fa, #pcp_wrapper-195 .pcp-button-next:hover .fa { color: #fff; } #pcp_wrapper-195.pcp-carousel-wrapper .sp-pcp-post{ margin-top: 0; }#pcp_wrapper-195 .sp-pcp-post {padding: 0 0 0 0;}#pcp_wrapper-195 .sp-pcp-post {border: 0px solid #e2e2e2;}#pcp_wrapper-195 .sp-pcp-post {border-radius: 0px;}#pcp_wrapper-195 .sp-pcp-post{background-color: transparent;}.pcp-wrapper-195 .sp-pcp-post-meta li,.pcp-wrapper-195 .sp-pcp-post-meta ul,.pcp-wrapper-195 .sp-pcp-post-meta li a{color: #888;}.pcp-wrapper-195 .sp-pcp-post-meta li a:hover{color: #e1624b;}#pcp_wrapper-195 .pcp-readmore-link{ background: transparent; color: #111; border-color: #888; } #pcp_wrapper-195 .pcp-readmore-link:hover { background: #e1624b; color: #fff; border-color: #e1624b; }#pcp_wrapper-195 .pcp-post-pagination .page-numbers.current, #pcp_wrapper-195 .pcp-post-pagination a.active , #pcp_wrapper-195 .pcp-post-pagination a:hover{ color: #ffffff; background: #e1624b; border-color: #e1624b; }#pcp_wrapper-195 .pcp-post-pagination .page-numbers, .pcp-post-pagination a{ background: #ffffff; color:#5e5e5e; border-color: #bbbbbb; }<\/style><!-- Markup Starts -->\n<div id=\"pcp_wrapper-195\" class=\"sp-pcp-section sp-pcp-container pcp-wrapper-195 pcp-carousel-wrapper standard\" data-sid=\"195\">\n\t<div id=\"sp-pcp-id-195\" class=\"swiper-container sp-pcp-carousel top_right\" dir=\"ltr\" data-carousel='{ \"speed\":600, \"items\":1, \"spaceBetween\":20, \"navigation\":true, \"pagination\": true, \"autoplay\": true, \"autoplay_speed\": 4000, \"loop\": true, \"autoHeight\": false, \"lazy\":  true, \"simulateTouch\": true, \"freeMode\": false, \"slider_mouse_wheel\": false,\"allowTouchMove\": true, \"slidesPerView\": {\"lg_desktop\": 1, \"desktop\": 1, \"tablet\": 1, \"mobile_landscape\": 1, \"mobile\": 1}, \"navigation_mobile\": true, \"pagination_mobile\": true, \"stop_onHover\": true, \"enabled\": true, \"prevSlideMessage\": \"Previous slide\", \"nextSlideMessage\": \"Next slide\", \"firstSlideMessage\": \"This is the first slide\", \"lastSlideMessage\": \"This is the last slide\", \"keyboard\": \"true\", \"paginationBulletMessage\": \"Go to slide {{index}}\" }'>\n\t\t\t<div class=\"swiper-wrapper\">\n\t\t\t\t\t\t<div class=\" swiper-slide swiper-lazy\">\n\t\t\t<div class=\"sp-pcp-post pcp-item-419\" data-id=\"419\">\n\t\t\t\t\t\t\t<h2 class=\"sp-pcp-title\">\n\t\t\t\t\t\t\t\t\t<a href=\"https:\/\/pro2.acentemjet.com.tr\/index.php\/2024\/04\/18\/seyahat-saglik-sigortasi\/\"  target=\"_self\">Seyahat Sa\u011fl\u0131k Sigortas\u0131<\/a>\t\t\t\t\t\t\t<\/h2>\n\t\t\t\t\t\t<div class=\"sp-pcp-post-content\">\n\t\t\t<p>Seyahat sa\u011fl\u0131k sigortas\u0131 ula\u015f\u0131m yollar\u0131ndan herhangi birisini kullanarak yurt i\u00e7inde, yurt d\u0131\u015f\u0131na veya yurt d\u0131\u015f\u0131ndan \u00fclkemize seyahat edenleri, seyahatleri esnas\u0131nda kar\u015f\u0131la\u015fabilecekleri sa\u011fl\u0131k risklerine kar\u015f\u0131 koruyan bir \u00f6zel sigorta t\u00fcr\u00fcd\u00fcr.&nbsp; Sigortac\u0131, seyahat s\u0131ras\u0131nda poli\u00e7enin ge\u00e7erlilik tarihleri aras\u0131nda meydana gelen bir kaza veya \u00f6nceden mevcut bir duruma ba\u011fl\u0131 olmayan hastal\u0131k hali sonucunda, planlanan seyahat s\u00fcresi d\u0131\u015f\u0131nda meydana [&hellip;]<\/p>\n\t\t<div class=\"sp-pcp-readmore\">\n\t\t\t\t\t\t\t<a class=\"pcp-readmore-link\" target=\"_self\" href=\"https:\/\/pro2.acentemjet.com.tr\/index.php\/2024\/04\/18\/seyahat-saglik-sigortasi\/\" >\n\t\t\t\t\t\tDevam\u0131n\u0131 Oku <\/a>\n\t\t<\/div>\n\t\t\t\t\t<\/div>\n\t\t\t\t\t\t<\/div>\n\t\t<\/div>\n\t\t\t\t<div class=\" swiper-slide swiper-lazy\">\n\t\t\t<div class=\"sp-pcp-post pcp-item-417\" data-id=\"417\">\n\t\t\t\t\t\t\t<h2 class=\"sp-pcp-title\">\n\t\t\t\t\t\t\t\t\t<a href=\"https:\/\/pro2.acentemjet.com.tr\/index.php\/2024\/04\/18\/saglik-sigortasi-2\/\"  target=\"_self\">Sa\u011fl\u0131k Sigortas\u0131<\/a>\t\t\t\t\t\t\t<\/h2>\n\t\t\t\t\t\t<div class=\"sp-pcp-post-content\">\n\t\t\t<p>Sa\u011fl\u0131\u011f\u0131n\u0131z Do\u011fa Sigorta ile g\u00fcvende\u2026 Do\u011fru Ad\u0131m Tamamlay\u0131c\u0131 Sa\u011fl\u0131k Sigortas\u0131 nas\u0131l kullan\u0131l\u0131r? Do\u011fa Sigorta Tamamlay\u0131c\u0131 Sa\u011fl\u0131k Sigortas\u0131, sizin ve ailenizin beklenmedik sa\u011fl\u0131k sorunlar\u0131nda hem SGK hem de Do\u011fa Sigorta ile anla\u015fmal\u0131 \u00f6zel hastanelerdeki fark \u00fccretlerinizi b\u00fct\u00e7enize uygun primlerle g\u00fcvence alt\u0131na al\u0131r. Yabanc\u0131 Uyruklulara \u00d6zel &#8216;Turuncu Sa\u011fl\u0131k Sigortas\u0131&#8217; Yabanc\u0131 uyruklu (T.C. vatanda\u015f\u0131 olmayan) ki\u015filerin k\u0131sa d\u00f6nem [&hellip;]<\/p>\n\t\t<div class=\"sp-pcp-readmore\">\n\t\t\t\t\t\t\t<a class=\"pcp-readmore-link\" target=\"_self\" href=\"https:\/\/pro2.acentemjet.com.tr\/index.php\/2024\/04\/18\/saglik-sigortasi-2\/\" >\n\t\t\t\t\t\tDevam\u0131n\u0131 Oku <\/a>\n\t\t<\/div>\n\t\t\t\t\t<\/div>\n\t\t\t\t\t\t<\/div>\n\t\t<\/div>\n\t\t\t\t<div class=\" swiper-slide swiper-lazy\">\n\t\t\t<div class=\"sp-pcp-post pcp-item-415\" data-id=\"415\">\n\t\t\t\t\t\t\t<h2 class=\"sp-pcp-title\">\n\t\t\t\t\t\t\t\t\t<a href=\"https:\/\/pro2.acentemjet.com.tr\/index.php\/2024\/04\/18\/sorumluluk-sigortasi-2\/\"  target=\"_self\">Sorumluluk Sigortas\u0131<\/a>\t\t\t\t\t\t\t<\/h2>\n\t\t\t\t\t\t<div class=\"sp-pcp-post-content\">\n\t\t\t<p>Zorunlu Yolcu Ta\u015f\u0131mac\u0131l\u0131k Mali Sorumluluk Bu sigorta, yurti\u00e7i ve uluslararas\u0131 yolcu ta\u015f\u0131mac\u0131l\u0131\u011f\u0131 kapsam\u0131nda seyahat eden yolcular\u0131, s\u00fcr\u00fcc\u00fcleri ve yard\u0131mc\u0131lar\u0131n\u0131, ta\u015f\u0131mac\u0131l\u0131k hizmetinin ba\u015flang\u0131c\u0131ndan bitimine kadar ge\u00e7en seyahat s\u00fcresi i\u00e7inde, duraklamalar da dahil olmak \u00fczere, maruz kalacaklar\u0131 her t\u00fcrl\u00fc kazalar\u0131n neticelerine kar\u015f\u0131 a\u015fa\u011f\u0131daki \u015fartlar \u00e7er\u00e7evesinde teminat alt\u0131na al\u0131r.&nbsp; Maden \u00c7al\u0131\u015fanlar\u0131 Zorunlu Ferdi Kaza Sigortas\u0131 Yer alt\u0131 ve [&hellip;]<\/p>\n\t\t<div class=\"sp-pcp-readmore\">\n\t\t\t\t\t\t\t<a class=\"pcp-readmore-link\" target=\"_self\" href=\"https:\/\/pro2.acentemjet.com.tr\/index.php\/2024\/04\/18\/sorumluluk-sigortasi-2\/\" >\n\t\t\t\t\t\tDevam\u0131n\u0131 Oku <\/a>\n\t\t<\/div>\n\t\t\t\t\t<\/div>\n\t\t\t\t\t\t<\/div>\n\t\t<\/div>\n\t\t\t\t<div class=\" swiper-slide swiper-lazy\">\n\t\t\t<div class=\"sp-pcp-post pcp-item-413\" data-id=\"413\">\n\t\t\t\t\t\t\t<h2 class=\"sp-pcp-title\">\n\t\t\t\t\t\t\t\t\t<a href=\"https:\/\/pro2.acentemjet.com.tr\/index.php\/2024\/04\/18\/nakliyat-sigortasi-2\/\"  target=\"_self\">Nakliyat Sigortas\u0131<\/a>\t\t\t\t\t\t\t<\/h2>\n\t\t\t\t\t\t<div class=\"sp-pcp-post-content\">\n\t\t\t<p>Sahibi bulundu\u011funuz mallar\u0131n, \u00e7e\u015fitli nakil vas\u0131talar\u0131 ile bir yerden di\u011fer bir yere ta\u015f\u0131nmas\u0131, bu ta\u015f\u0131nma s\u0131ras\u0131nda da olu\u015fabilecek \u00e7e\u015fitli rizikolara kar\u015f\u0131 g\u00fcvence alt\u0131na al\u0131nmas\u0131 Emtia Nakliyat Sigortas\u0131 \u00fcr\u00fcn\u00fcm\u00fcz ile sa\u011flanmaktad\u0131r. Ayr\u0131ca, Sigortal\u0131 olarak sadece emtian\u0131z\u0131n de\u011ferini de\u011fil, &nbsp;navlun, sigorta \u00fccreti ve \u00f6ng\u00f6r\u00fclen kar gibi baz\u0131 ek giderleriniz de teminat alt\u0131na al\u0131nabilmektedir. Bu \u00fcr\u00fcn\u00fcm\u00fczde mal\u0131n\u0131z\u0131n g\u00fcvence [&hellip;]<\/p>\n\t\t<div class=\"sp-pcp-readmore\">\n\t\t\t\t\t\t\t<a class=\"pcp-readmore-link\" target=\"_self\" href=\"https:\/\/pro2.acentemjet.com.tr\/index.php\/2024\/04\/18\/nakliyat-sigortasi-2\/\" >\n\t\t\t\t\t\tDevam\u0131n\u0131 Oku <\/a>\n\t\t<\/div>\n\t\t\t\t\t<\/div>\n\t\t\t\t\t\t<\/div>\n\t\t<\/div>\n\t\t\t\t<div class=\" swiper-slide swiper-lazy\">\n\t\t\t<div class=\"sp-pcp-post pcp-item-411\" data-id=\"411\">\n\t\t\t\t\t\t\t<h2 class=\"sp-pcp-title\">\n\t\t\t\t\t\t\t\t\t<a href=\"https:\/\/pro2.acentemjet.com.tr\/index.php\/2024\/04\/18\/muhendislik-sigortasi-2\/\"  target=\"_self\">M\u00fchendislik Sigortas\u0131<\/a>\t\t\t\t\t\t\t<\/h2>\n\t\t\t\t\t\t<div class=\"sp-pcp-post-content\">\n\t\t\t<p>Do\u011fa&nbsp;M\u00fchendislik Sigortalar\u0131 ile projenizin ba\u015flang\u0131c\u0131ndan sonuna kadar \u00fcretimi aksatacak her t\u00fcrl\u00fc risk teminat kapsam\u0131nda g\u00fcvence alt\u0131na al\u0131n\u0131r. Makine K\u0131r\u0131lmas\u0131 Sigortas\u0131, Elektronik Cihaz Sigortas\u0131, \u0130n\u015faat All Risks Sigortas\u0131, Montaj All Risks Sigortas\u0131, Do\u011falgaz Tesisat Sigortas\u0131 \u00fcr\u00fcnlerimizle i\u015finizin aksamamas\u0131 i\u00e7in size \u00f6zel olanaklar sunuyoruz. Makine K\u0131r\u0131lmas\u0131 Sigorta Kapsam\u0131: Bu poli\u00e7e, imalat y\u0131llar\u0131, nitelikleri ve de\u011ferleri yaz\u0131l\u0131 makine [&hellip;]<\/p>\n\t\t<div class=\"sp-pcp-readmore\">\n\t\t\t\t\t\t\t<a class=\"pcp-readmore-link\" target=\"_self\" href=\"https:\/\/pro2.acentemjet.com.tr\/index.php\/2024\/04\/18\/muhendislik-sigortasi-2\/\" >\n\t\t\t\t\t\tDevam\u0131n\u0131 Oku <\/a>\n\t\t<\/div>\n\t\t\t\t\t<\/div>\n\t\t\t\t\t\t<\/div>\n\t\t<\/div>\n\t\t\t\t<div class=\" swiper-slide swiper-lazy\">\n\t\t\t<div class=\"sp-pcp-post pcp-item-409\" data-id=\"409\">\n\t\t\t\t\t\t\t<h2 class=\"sp-pcp-title\">\n\t\t\t\t\t\t\t\t\t<a href=\"https:\/\/pro2.acentemjet.com.tr\/index.php\/2024\/04\/18\/ferdi-kaza-sigortasi-2\/\"  target=\"_self\">Ferdi Kaza Sigortas\u0131<\/a>\t\t\t\t\t\t\t<\/h2>\n\t\t\t\t\t\t<div class=\"sp-pcp-post-content\">\n\t\t\t<p>Ferdi kaza sigortas\u0131, ani ve beklenmedik kazalar\u0131n sonu\u00e7lar\u0131na kar\u015f\u0131 a\u015fa\u011f\u0131daki risklere kar\u015f\u0131 g\u00fcvence sa\u011flar. Do\u011fal Destek Ferdi Kaza Sigortas\u0131 Atm Teminat\u0131 Sigortal\u0131n\u0131n ATM \u00fczerinde i\u015flem yaparken veya yapt\u0131ktan sonra ba\u015f\u0131na gelebilecek olaylar sonucu u\u011frayaca\u011f\u0131 nakit kayb\u0131n\u0131 kar\u015f\u0131lar. Sigortal\u0131n\u0131n ATM\u2019lerden para \u00e7ekme i\u015flemi s\u0131ras\u0131nda h\u0131rs\u0131zl\u0131k veya zorla para \u00e7ektirme,veya mekanik d\u00fczenek ile ATM\u2018nin tahrifat\u0131 veya zorla [&hellip;]<\/p>\n\t\t<div class=\"sp-pcp-readmore\">\n\t\t\t\t\t\t\t<a class=\"pcp-readmore-link\" target=\"_self\" href=\"https:\/\/pro2.acentemjet.com.tr\/index.php\/2024\/04\/18\/ferdi-kaza-sigortasi-2\/\" >\n\t\t\t\t\t\tDevam\u0131n\u0131 Oku <\/a>\n\t\t<\/div>\n\t\t\t\t\t<\/div>\n\t\t\t\t\t\t<\/div>\n\t\t<\/div>\n\t\t\t\t\t<\/div>\n\t\t\t\t\t\t<div class=\"pcp-pagination swiper-pagination dots\"><\/div>\n\t\t\t\t\t\t\t\t\t\t<div class=\"pcp-button-next swiper-button-next top_right\"><i class=\"fa fa-angle-right\"><\/i><\/div>\n\t\t\t\t<div class=\"pcp-button-prev swiper-button-prev top_right\"><i class=\"fa fa-angle-left\"><\/i><\/div>\t<\/div>\n<\/div>\n<\/div><\/li>\n\t\t<\/div>\n\t\t\t\t<\/div>\n\t\t\t\t\t<\/div>\n\t\t<\/div>\n\t\t\t\t\t<\/div>\n\t\t<\/section>\n\t\t\t\t<\/div>\n\t\t","protected":false},"excerpt":{"rendered":"<p>AXA S\u0130GORTA sizi ve sevdiklerinizi Ailem Sigortas\u0131 ile g\u00fcvence alt\u0131na al\u0131yor. A\u0130LEN\u0130Z B\u0130Z\u0130M \u0130\u00c7\u0130N \u00d6NEML\u0130 AXA S\u0130GORTA sizi ve\/veya ailenizi, ferdi kaza teminatlar\u0131 ile kazalara kar\u015f\u0131, hukuksal koruma teminat\u0131 ile de hukuki uyu\u015fmazl\u0131klara kar\u015f\u0131 korurken, ayn\u0131 zamanda sizin, e\u015finizin, \u00e7ocuklar\u0131n\u0131z\u0131n, birlikte ya\u015fad\u0131\u011f\u0131n\u0131z ve bakmakla y\u00fck\u00fcml\u00fc oldu\u011funuz ki\u015filerin, hizmetlilerin ve evcil hayvanlar\u0131n\u0131z\u0131n, \u00fc\u00e7\u00fcnc\u00fc \u015fah\u0131slara verebilecekleri maddi [&hellip;]<\/p>\n","protected":false},"author":1,"featured_media":0,"comment_status":"closed","ping_status":"closed","sticky":false,"template":"","format":"standard","meta":{"footnotes":""},"categories":[10],"tags":[],"class_list":["post-270","post","type-post","status-publish","format-standard","hentry","category-axa-sigorta"],"_links":{"self":[{"href":"https:\/\/pro2.acentemjet.com.tr\/index.php\/wp-json\/wp\/v2\/posts\/270","targetHints":{"allow":["GET"]}}],"collection":[{"href":"https:\/\/pro2.acentemjet.com.tr\/index.php\/wp-json\/wp\/v2\/posts"}],"about":[{"href":"https:\/\/pro2.acentemjet.com.tr\/index.php\/wp-json\/wp\/v2\/types\/post"}],"author":[{"embeddable":true,"href":"https:\/\/pro2.acentemjet.com.tr\/index.php\/wp-json\/wp\/v2\/users\/1"}],"replies":[{"embeddable":true,"href":"https:\/\/pro2.acentemjet.com.tr\/index.php\/wp-json\/wp\/v2\/comments?post=270"}],"version-history":[{"count":7,"href":"https:\/\/pro2.acentemjet.com.tr\/index.php\/wp-json\/wp\/v2\/posts\/270\/revisions"}],"predecessor-version":[{"id":679,"href":"https:\/\/pro2.acentemjet.com.tr\/index.php\/wp-json\/wp\/v2\/posts\/270\/revisions\/679"}],"wp:attachment":[{"href":"https:\/\/pro2.acentemjet.com.tr\/index.php\/wp-json\/wp\/v2\/media?parent=270"}],"wp:term":[{"taxonomy":"category","embeddable":true,"href":"https:\/\/pro2.acentemjet.com.tr\/index.php\/wp-json\/wp\/v2\/categories?post=270"},{"taxonomy":"post_tag","embeddable":true,"href":"https:\/\/pro2.acentemjet.com.tr\/index.php\/wp-json\/wp\/v2\/tags?post=270"}],"curies":[{"name":"wp","href":"https:\/\/api.w.org\/{rel}","templated":true}]}}