{"id":272,"date":"2024-04-15T14:33:23","date_gmt":"2024-04-15T14:33:23","guid":{"rendered":"https:\/\/pro2.acentemjet.com.tr\/?p=272"},"modified":"2024-04-20T13:21:10","modified_gmt":"2024-04-20T13:21:10","slug":"saglik-sigortalari","status":"publish","type":"post","link":"https:\/\/pro2.acentemjet.com.tr\/index.php\/2024\/04\/15\/saglik-sigortalari\/","title":{"rendered":"Sa\u011fl\u0131k Sigortalar\u0131"},"content":{"rendered":"\t\t<div data-elementor-type=\"wp-post\" data-elementor-id=\"272\" class=\"elementor elementor-272\">\n\t\t\t\t<div class=\"elementor-element elementor-element-20f4ddc7 e-flex e-con-boxed e-con e-parent\" data-id=\"20f4ddc7\" data-element_type=\"container\" data-core-v316-plus=\"true\">\n\t\t\t\t\t<div class=\"e-con-inner\">\n\t\t\t\t\t<\/div>\n\t\t\t\t<\/div>\n\t\t\t\t<section class=\"elementor-section elementor-top-section elementor-element elementor-element-5e57f0b0 elementor-section-boxed elementor-section-height-default elementor-section-height-default\" data-id=\"5e57f0b0\" data-element_type=\"section\">\n\t\t\t\t\t\t<div class=\"elementor-container elementor-column-gap-default\">\n\t\t\t\t\t<div class=\"elementor-column elementor-col-50 elementor-top-column elementor-element elementor-element-7b7828f3\" data-id=\"7b7828f3\" data-element_type=\"column\">\n\t\t\t<div class=\"elementor-widget-wrap elementor-element-populated\">\n\t\t\t\t<div class=\"elementor-element elementor-element-1a77058b e-flex e-con-boxed e-con e-parent\" data-id=\"1a77058b\" data-element_type=\"container\" data-core-v316-plus=\"true\">\n\t\t\t\t\t<div class=\"e-con-inner\">\n\t\t\t\t<div class=\"elementor-element elementor-element-748d810e elementor-widget elementor-widget-text-editor\" data-id=\"748d810e\" data-element_type=\"widget\" data-widget_type=\"text-editor.default\">\n\t\t\t\t<div class=\"elementor-widget-container\">\n\t\t\t<style>\/*! elementor - v3.20.0 - 26-03-2024 *\/\n.elementor-widget-text-editor.elementor-drop-cap-view-stacked .elementor-drop-cap{background-color:#69727d;color:#fff}.elementor-widget-text-editor.elementor-drop-cap-view-framed .elementor-drop-cap{color:#69727d;border:3px solid;background-color:transparent}.elementor-widget-text-editor:not(.elementor-drop-cap-view-default) .elementor-drop-cap{margin-top:8px}.elementor-widget-text-editor:not(.elementor-drop-cap-view-default) .elementor-drop-cap-letter{width:1em;height:1em}.elementor-widget-text-editor .elementor-drop-cap{float:left;text-align:center;line-height:1;font-size:50px}.elementor-widget-text-editor .elementor-drop-cap-letter{display:inline-block}<\/style>\t\t\t\t<!-- wp:paragraph -->\n<p><strong>Sa\u011fl\u0131\u011f\u0131m Tamam Sigortas\u0131<\/strong><\/p>\n<!-- \/wp:paragraph -->\n\n<!-- wp:paragraph -->\n<p>\u00d6zel hastanelerde SGK\u2019n\u0131z\u0131 kulland\u0131\u011f\u0131n\u0131zda \u00f6demeniz gereken fark \u00fccretlerini kar\u015f\u0131layan bir poli\u00e7e ile Sa\u011fl\u0131\u011f\u0131n\u0131z\u0131 g\u00fcvence alt\u0131na almak ister misiniz? \u00dcstelik hi\u00e7bir prosed\u00fcr olmadan, \u00e7ok uygun fiyat ve taksit se\u00e7enekleriyle!<\/p>\n<!-- \/wp:paragraph -->\n\n<!-- wp:paragraph -->\n<p>Sigortal\u0131n\u0131n, Sosyal G\u00fcvenlik Kurumu (SGK) ile anla\u015fmal\u0131 \u00f6zel sa\u011fl\u0131k kurulu\u015flar\u0131ndan alaca\u011f\u0131 sa\u011fl\u0131k hizmetleri i\u00e7in \u00f6deyece\u011fi fark \u00fccretlerini \u00fcr\u00fcn \u00f6zel ve genel \u015fartlar\u0131 kapsam\u0131nda kar\u015f\u0131layan bir poli\u00e7edir. SGK ile anla\u015fmal\u0131 olan kurumlar\u0131n ayn\u0131 zamanda AXA S\u0130GORTA ile bu \u00fcr\u00fcne \u00f6zel anla\u015fmas\u0131 olmas\u0131 gerekmektedir.<\/p>\n<!-- \/wp:paragraph -->\n\n<!-- wp:paragraph -->\n<p>Bu poli\u00e7eye sahip olarak, SGK ile anla\u015fmal\u0131 geni\u015f kurum a\u011f\u0131m\u0131zdan faydalanabilir, \u00f6zel hastanelerde fark \u00f6demeden tedavi olabilirsiniz.<\/p>\n<!-- \/wp:paragraph -->\n\n<!-- wp:paragraph -->\n<p>Sa\u011fl\u0131\u011f\u0131m Tamam sigortas\u0131n\u0131 TC vatanda\u015f\u0131 olup SGK taraf\u0131ndan kapsam alt\u0131nda olan 0 &#8211; 59 ya\u015f aras\u0131ndaki ki\u015filer alabilir.<\/p>\n<!-- \/wp:paragraph -->\n\n<!-- wp:paragraph -->\n<p><strong>Nas\u0131l Kullan\u0131l\u0131r?<\/strong><\/p>\n<!-- \/wp:paragraph -->\n\n<!-- wp:paragraph -->\n<p>Sa\u011fl\u0131\u011f\u0131m Tamam Sigortas\u0131n\u0131 kullanabilmek i\u00e7in a\u015fa\u011f\u0131daki ko\u015fullar\u0131n ayn\u0131 anda ger\u00e7ekle\u015fmesi yeterlidir.<\/p>\n<!-- \/wp:paragraph -->\n\n<!-- wp:list -->\n<ul><!-- wp:list-item -->\n<li>Sigortal\u0131n\u0131n SGK ile anla\u015fmal\u0131 bir \u00f6zel hastaneye gitmesi.<\/li>\n<!-- \/wp:list-item -->\n\n<!-- wp:list-item -->\n<li>SGK ile anla\u015fmal\u0131 olan hastane ile AXA S\u0130GORTA\u2019n\u0131n Sa\u011fl\u0131\u011f\u0131m Tamam Sigorta anla\u015fmas\u0131n\u0131n olmas\u0131.<\/li>\n<!-- \/wp:list-item -->\n\n<!-- wp:list-item -->\n<li>SGK ile anla\u015fmal\u0131 hastanede sigortal\u0131n\u0131n i\u015flemlerini ger\u00e7ekle\u015ftiren doktorun SGK ile anla\u015fmal\u0131 olmas\u0131.<\/li>\n<!-- \/wp:list-item -->\n\n<!-- wp:list-item -->\n<li>Tedavisi talep edilen rahats\u0131zl\u0131\u011f\u0131n poli\u00e7e \u00f6ncesine dayanmamas\u0131 ve AXA S\u0130GORTA Sa\u011fl\u0131\u011f\u0131m Tamam Sigorta poli\u00e7esi \u00f6zel ve genel \u015fartlar\u0131na uygun olmas\u0131 gerekmektedir.<\/li>\n<!-- \/wp:list-item --><\/ul>\n<!-- \/wp:list -->\n\n<!-- wp:paragraph -->\n<p><strong>Neler Sunuyor?<\/strong><\/p>\n<!-- \/wp:paragraph -->\n\n<!-- wp:paragraph -->\n<p>Sa\u011fl\u0131\u011f\u0131m Tamam Sigortas\u0131 2 ana teminattan olu\u015fmaktad\u0131r:<\/p>\n<!-- \/wp:paragraph -->\n\n<!-- wp:paragraph -->\n<p>Yatarak Tedavi Teminat\u0131<\/p>\n<!-- \/wp:paragraph -->\n\n<!-- wp:paragraph -->\n<p>Yatarak tedaviler a\u015fa\u011f\u0131da belirtilen teminatlar\u0131 i\u00e7ermekte olup, \u00f6zel ve genel \u015fartlar \u00e7er\u00e7evesinde limitsiz ve %100 olarak kar\u015f\u0131lan\u0131r.<\/p>\n<!-- \/wp:paragraph -->\n\n<!-- wp:list -->\n<ul><!-- wp:list-item -->\n<li>Cerrahi ve Dahili Yat\u0131\u015flar<\/li>\n<!-- \/wp:list-item -->\n\n<!-- wp:list-item -->\n<li>Yo\u011fun Bak\u0131m<\/li>\n<!-- \/wp:list-item -->\n\n<!-- wp:list-item -->\n<li>Kemoterapi, Radyoterapi, Diyaliz<\/li>\n<!-- \/wp:list-item -->\n\n<!-- wp:list-item -->\n<li>Koroner Anjiyografi<\/li>\n<!-- \/wp:list-item -->\n\n<!-- wp:list-item -->\n<li>K\u00fc\u00e7\u00fck M\u00fcdahale Giderleri<\/li>\n<!-- \/wp:list-item -->\n\n<!-- wp:list-item -->\n<li>Standart tek ki\u015filik \u00f6zel oda, yemek ve bir adet refakat\u00e7i giderleri<\/li>\n<!-- \/wp:list-item --><\/ul>\n<!-- \/wp:list -->\n\n<!-- wp:paragraph -->\n<p>Ayakta Tedavi Teminat\u0131<\/p>\n<!-- \/wp:paragraph -->\n\n<!-- wp:paragraph -->\n<p>A\u015fa\u011f\u0131daki teminatlar, \u00f6zel ve genel \u015fartlar \u00e7er\u00e7evesinde y\u0131lda 8 vaka* ile s\u0131n\u0131rl\u0131 olup %100 olarak kar\u015f\u0131lanmaktad\u0131r.<\/p>\n<!-- \/wp:paragraph -->\n\n<!-- wp:list -->\n<ul><!-- wp:list-item -->\n<li>1. Doktor Muayene**<\/li>\n<!-- \/wp:list-item -->\n\n<!-- wp:list-item -->\n<li>2. Laboratuvar Hizmetleri<\/li>\n<!-- \/wp:list-item -->\n\n<!-- wp:list-item -->\n<li>3. G\u00f6r\u00fcnt\u00fcleme ve Tan\u0131 Y\u00f6ntemleri<\/li>\n<!-- \/wp:list-item -->\n\n<!-- wp:list-item -->\n<li>4. \u0130leri Tan\u0131 Y\u00f6ntemleri<\/li>\n<!-- \/wp:list-item -->\n\n<!-- wp:list-item -->\n<li>5. Fizik Tedavi Giderleri<\/li>\n<!-- \/wp:list-item --><\/ul>\n<!-- \/wp:list -->\n\n<!-- wp:paragraph -->\n<p>* Doktor muayenesi ile ba\u015flayan ve ayn\u0131 tan\u0131 ve tedavi s\u00fcreci dahilinde yap\u0131lan i\u015flemler tek vaka olarak de\u011ferlendirilir.<br>** 2-3-4-5 numaral\u0131 maddelerde yer alan teminatlar SGK kural\u0131 gere\u011fi tek ba\u015flar\u0131na kullan\u0131lamaz, doktor muayenesi ile kullan\u0131lma zorunlulu\u011fu vard\u0131r.<\/p>\n<!-- \/wp:paragraph -->\n\n<!-- wp:paragraph -->\n<p><strong>Kristal Planlar<\/strong><\/p>\n<!-- \/wp:paragraph -->\n\n<!-- wp:paragraph -->\n<p>Sa\u011fl\u0131\u011f\u0131n\u0131z ve B\u00fct\u00e7eniz Koruma Alt\u0131nda<\/p>\n<!-- \/wp:paragraph -->\n\n<!-- wp:paragraph -->\n<p>Sa\u011fl\u0131\u011f\u0131n\u0131z i\u00e7in b\u00fcy\u00fck risk ve maliyet olu\u015fturan durumlar\u0131, benzer \u00fcr\u00fcnlere g\u00f6re daha geni\u015f teminatlar ve \u00e7ok daha ekonomik \u015fartlarla g\u00fcvence alt\u0131na alaca\u011f\u0131n\u0131z bir sa\u011fl\u0131k sigortas\u0131na sahip olmak istemez miydiniz?<\/p>\n<!-- \/wp:paragraph -->\n\n<!-- wp:paragraph -->\n<p>AXA S\u0130GORTA, sizin ve ailenizin hastanede yatarak tedavi gerektiren sa\u011fl\u0131k giderlerini teminat alt\u0131na alan ekonomik, ayn\u0131 zamanda geni\u015f kapsaml\u0131 \u201cKristal Planlar\u201d\u0131 sunuyor.<\/p>\n<!-- \/wp:paragraph -->\n\n<!-- wp:paragraph -->\n<p>Kristal Planlar\u0131n amac\u0131, gelecekte kar\u015f\u0131la\u015fabilece\u011finiz ciddi sa\u011fl\u0131k sorunlar\u0131n\u0131n mali y\u0131k\u0131mlara d\u00f6n\u00fc\u015fmesini engellemektir.<\/p>\n<!-- \/wp:paragraph -->\n\n<!-- wp:paragraph -->\n<p><strong>Neler Sunuyor?<\/strong><\/p>\n<!-- \/wp:paragraph -->\n\n<!-- wp:paragraph -->\n<p>Kristal Planlar hem hastanede yat\u0131l\u0131 tedaviyi gerektiren ameliyat ve koroner anjiyografi gibi harcamalar\u0131 hem de kemoterapi, radyoterapi, diyaliz ve k\u00fc\u00e7\u00fck m\u00fcdahale gibi hastanede yatmay\u0131 gerektirmeyen tedavi harcamalar\u0131n\u0131, anla\u015fmal\u0131 kurulu\u015flarda limitsiz ve %100 kar\u015f\u0131lar.<\/p>\n<!-- \/wp:paragraph -->\n\n<!-- wp:paragraph -->\n<p>Kristal Planlar 3 Kategoriden Olu\u015fur: S\u00fcper Sa\u011fl\u0131\u011f\u0131m Kristal, Sa\u011fl\u0131\u011f\u0131m Kristal, Eko Sa\u011fl\u0131\u011f\u0131m Kristal.<\/p>\n<!-- \/wp:paragraph -->\n\n<!-- wp:paragraph -->\n<p><strong>Sa\u011fl\u0131\u011f\u0131m Kristal:<\/strong><\/p>\n<!-- \/wp:paragraph -->\n\n<!-- wp:paragraph -->\n<p>B\u00fcy\u00fck sa\u011fl\u0131k risklerini uygun fiyat ile sigorta ettirme f\u0131rsat\u0131 sunar.<\/p>\n<!-- \/wp:paragraph -->\n\n<!-- wp:paragraph -->\n<p><strong>S\u00fcper Sa\u011fl\u0131\u011f\u0131m Kristal:<\/strong><\/p>\n<!-- \/wp:paragraph -->\n\n<!-- wp:paragraph -->\n<p>Sa\u011fl\u0131\u011f\u0131m Kristal plan avantajlar\u0131na ilave olarak kanser, kalp hastal\u0131klar\u0131 ve fel\u00e7 gibi ciddi rahats\u0131zl\u0131klar i\u00e7in y\u00fcksek limitlerle yurtd\u0131\u015f\u0131nda tedavi imkan\u0131 sa\u011flar.<\/p>\n<!-- \/wp:paragraph -->\n\n<!-- wp:paragraph -->\n<p><strong>Eko Sa\u011fl\u0131\u011f\u0131m Kristal:<\/strong><\/p>\n<!-- \/wp:paragraph -->\n\n<!-- wp:paragraph -->\n<p>Sa\u011fl\u0131\u011f\u0131m Kristal paketlerinden farkl\u0131 olarak kendisine \u00f6zel anla\u015fmal\u0131 kurum a\u011f\u0131 sunmakta ve yurtd\u0131\u015f\u0131 teminat\u0131 i\u00e7ermez.<\/p>\n<!-- \/wp:paragraph -->\n\n<!-- wp:paragraph -->\n<p><strong>S\u00fcper Sa\u011fl\u0131\u011f\u0131m Sigortas\u0131<\/strong><\/p>\n<!-- \/wp:paragraph -->\n\n<!-- wp:paragraph -->\n<p>S\u00fcper Sa\u011fl\u0131\u011f\u0131m Sigortan\u0131z varsa, T\u00fcrkiye&#8217;nin en iyi sa\u011fl\u0131k kurulu\u015flar\u0131 hizmetinizde. Yetmedi mi? Bu \u00fcr\u00fcn sayesinde d\u00fcnyan\u0131n en se\u00e7kin kurumlar\u0131nda da tedavi olabiliyorsunuz.<\/p>\n<!-- \/wp:paragraph -->\n\n<!-- wp:paragraph -->\n<p>S\u00fcper Sa\u011fl\u0131\u011f\u0131m Sigortas\u0131 \u00fc\u00e7 plandan olu\u015fmaktad\u0131r.<\/p>\n<!-- \/wp:paragraph -->\n\n<!-- wp:list -->\n<ul><!-- wp:list-item -->\n<li>Platin<\/li>\n<!-- \/wp:list-item -->\n\n<!-- wp:list-item -->\n<li>Alt\u0131n<\/li>\n<!-- \/wp:list-item -->\n\n<!-- wp:list-item -->\n<li>Kristal<\/li>\n<!-- \/wp:list-item --><\/ul>\n<!-- \/wp:list -->\n\n<!-- wp:paragraph -->\n<p>Se\u00e7ece\u011finiz plana g\u00f6re yurti\u00e7inde ve yurtd\u0131\u015f\u0131nda yapt\u0131\u011f\u0131n\u0131z sa\u011fl\u0131k harcamalar\u0131n\u0131z\u0131 kar\u015f\u0131lar. Yapman\u0131z gereken tek \u015fey bu planlardan size en uygun olan\u0131n\u0131 se\u00e7mek.<\/p>\n<!-- \/wp:paragraph -->\n\n<!-- wp:paragraph -->\n<p><strong>Sa\u011fl\u0131\u011f\u0131m Sigortas\u0131<\/strong><\/p>\n<!-- \/wp:paragraph -->\n\n<!-- wp:paragraph -->\n<p>Ne \u015fansl\u0131y\u0131z ki art\u0131k hemen hemen b\u00fct\u00fcn rahats\u0131zl\u0131klar\u0131n bir tedavisi var. Peki ya sizin bu tedaviyi kar\u015f\u0131layacak ekonomik g\u00fcc\u00fcn\u00fcz var m\u0131? Art\u0131k T\u00fcrkiye&#8217;nin en se\u00e7kin sa\u011fl\u0131k kurumlar\u0131nda tedavi olabilirsiniz. Hem de tedavi masraflar\u0131n\u0131 d\u00fc\u015f\u00fcnmeden.<br>Sa\u011fl\u0131\u011f\u0131m Sigortas\u0131 be\u015f plandan olu\u015fmaktad\u0131r.<\/p>\n<!-- \/wp:paragraph -->\n\n<!-- wp:list -->\n<ul><!-- wp:list-item -->\n<li>Platin Ekstra<\/li>\n<!-- \/wp:list-item -->\n\n<!-- wp:list-item -->\n<li>Alt\u0131n<\/li>\n<!-- \/wp:list-item -->\n\n<!-- wp:list-item -->\n<li>Kristal<\/li>\n<!-- \/wp:list-item -->\n\n<!-- wp:list-item -->\n<li>Kristal Ekstra<\/li>\n<!-- \/wp:list-item -->\n\n<!-- wp:list-item -->\n<li>Kristal Modern Tan\u0131<\/li>\n<!-- \/wp:list-item --><\/ul>\n<!-- \/wp:list -->\n\n<!-- wp:paragraph -->\n<p>Yatarak tedavi giderleriniz sa\u011fl\u0131\u011f\u0131m \u00fcr\u00fcn\u00fcn\u00fcn t\u00fcm planlar\u0131nda poli\u00e7e \u015fartlar\u0131 dahilinde anla\u015fmal\u0131 kurumlarda limitsiz ve %100 olarak kar\u015f\u0131lan\u0131r. Ayakta tedavi giderleriniz Platin Ekstra Plan&#8217;\u0131nda limitsiz ve %80 oran\u0131nda, Alt\u0131n Plan&#8217;\u0131nda ise ayakta tedavi giderleri i\u00e7in belirlenmi\u015f limitler dahilinde %80 oran\u0131nda kar\u015f\u0131lan\u0131r.<\/p>\n<!-- \/wp:paragraph -->\n\n<!-- wp:paragraph -->\n<p><strong>Eko Sa\u011fl\u0131\u011f\u0131m Sigortas\u0131<\/strong><\/p>\n<!-- \/wp:paragraph -->\n\n<!-- wp:paragraph -->\n<p>AXA S\u0130GORTA, sa\u011fl\u0131\u011f\u0131n\u0131z\u0131 g\u00fcvence alt\u0131na al\u0131rken b\u00fct\u00e7enizi de d\u00fc\u015f\u00fcnen kapsaml\u0131 bir sa\u011fl\u0131k sigortas\u0131 haz\u0131rlad\u0131.<\/p>\n<!-- \/wp:paragraph -->\n\n<!-- wp:paragraph -->\n<p>Eko Sa\u011fl\u0131\u011f\u0131m Sigortas\u0131 d\u00f6rt plandan olu\u015fmaktad\u0131r.<\/p>\n<!-- \/wp:paragraph -->\n\n<!-- wp:list -->\n<ul><!-- wp:list-item -->\n<li>Platin<\/li>\n<!-- \/wp:list-item -->\n\n<!-- wp:list-item -->\n<li>Alt\u0131n<\/li>\n<!-- \/wp:list-item -->\n\n<!-- wp:list-item -->\n<li>Kristal<\/li>\n<!-- \/wp:list-item -->\n\n<!-- wp:list-item -->\n<li>Kristal Modern Tan\u0131<\/li>\n<!-- \/wp:list-item --><\/ul>\n<!-- \/wp:list -->\n\n<!-- wp:paragraph -->\n<p>Yapman\u0131z gereken tek \u015fey Eko Sa\u011fl\u0131\u011f\u0131m Sigortas\u0131 planlar\u0131ndan size en uygun olan\u0131n\u0131 se\u00e7mek. Sonras\u0131nda T\u00fcrkiye&#8217;nin d\u00f6rt bir yan\u0131ndaki Eko Sa\u011fl\u0131\u011f\u0131m anla\u015fmal\u0131 kurumlar\u0131ndan faydalanabilir, AXA S\u0130GORTA g\u00fcvencesi alt\u0131nda olman\u0131n ayr\u0131cal\u0131\u011f\u0131n\u0131 ya\u015fayabilirsiniz.<\/p>\n<!-- \/wp:paragraph -->\n\n<!-- wp:paragraph -->\n<p>Yatarak tedavi giderleriniz poli\u00e7e \u015fartlar\u0131 dahilinde, eko sa\u011fl\u0131\u011f\u0131m \u00fcr\u00fcn\u00fcn\u00fcn t\u00fcm planlar\u0131nda eko anla\u015fmal\u0131 kurumlarda limitsiz ve %100 olarak kar\u015f\u0131lan\u0131r.<\/p>\n<!-- \/wp:paragraph -->\n\n<!-- wp:paragraph -->\n<p>Eko Sa\u011fl\u0131\u011f\u0131m Platin ve Eko Sa\u011fl\u0131\u011f\u0131m Alt\u0131n Plan&#8217;da yatarak tedaviye ek olarak eko anla\u015fmal\u0131 kurumlarda ayakta tedavi giderlerinizin %80&#8217;i limitler dahilinde kar\u015f\u0131lan\u0131r.<\/p>\n<!-- \/wp:paragraph -->\n\n<!-- wp:paragraph -->\n<p><strong>Acil Sa\u011fl\u0131\u011f\u0131m Sigortas\u0131<\/strong><\/p>\n<!-- \/wp:paragraph -->\n\n<!-- wp:paragraph -->\n<p>Acil Sa\u011fl\u0131\u011f\u0131m Sigortas\u0131 iki plandan olu\u015fmaktad\u0131r.<\/p>\n<!-- \/wp:paragraph -->\n\n<!-- wp:list -->\n<ul><!-- wp:list-item -->\n<li>Acil Sa\u011fl\u0131\u011f\u0131m Sigortas\u0131<\/li>\n<!-- \/wp:list-item -->\n\n<!-- wp:list-item -->\n<li>Acil Sa\u011fl\u0131\u011f\u0131m Sigortas\u0131 (Ferdi Kazal\u0131)<\/li>\n<!-- \/wp:list-item --><\/ul>\n<!-- \/wp:list -->\n\n<!-- wp:paragraph -->\n<p>Acil Sa\u011fl\u0131\u011f\u0131m Sigortas\u0131 iki ana teminattan olu\u015fmaktad\u0131r.<\/p>\n<!-- \/wp:paragraph -->\n\n<!-- wp:list -->\n<ul><!-- wp:list-item -->\n<li>Yatarak ve Ayakta tedavi masraflar\u0131n\u0131 i\u00e7eren Y\u0131ll\u0131k &#8220;Acil Tedavi Teminat\u0131&#8221;<\/li>\n<!-- \/wp:list-item -->\n\n<!-- wp:list-item -->\n<li>Yard\u0131m Teminat\u0131 (T\u0131bbi Dan\u0131\u015fmanl\u0131k ve Ambulans Hizmetleri&#8217;ni kapsar)<\/li>\n<!-- \/wp:list-item --><\/ul>\n<!-- \/wp:list -->\n\n<!-- wp:paragraph -->\n<p>Acil Sa\u011fl\u0131\u011f\u0131m Sigortas\u0131 (Ferdi Kazal\u0131) planda ise bu teminatlara ek olarak 18 ya\u015f\u0131ndan b\u00fcy\u00fck ki\u015filere Ferdi Kaza Teminat\u0131 verilmektedir.<\/p>\n<!-- \/wp:paragraph -->\n\n<!-- wp:paragraph -->\n<p><strong>Teminatlar:<\/strong><\/p>\n<!-- \/wp:paragraph -->\n\n<!-- wp:list -->\n<ul><!-- wp:list-item -->\n<li>Acil Sa\u011fl\u0131\u011f\u0131m Sigortas\u0131: 12.000 TL Acil Tedavi Teminat\u0131<\/li>\n<!-- \/wp:list-item -->\n\n<!-- wp:list-item -->\n<li>Acil Sa\u011fl\u0131\u011f\u0131m Sigortas\u0131 (Ferdi Kazal\u0131):<\/li>\n<!-- \/wp:list-item -->\n\n<!-- wp:list-item -->\n<li>Alternatif 1: 15.000 TL Acil Tedavi Teminat\u0131 ve 40.000 TL Ferdi Kaza Teminat\u0131<\/li>\n<!-- \/wp:list-item -->\n\n<!-- wp:list-item -->\n<li>Alternatif 2: 20.000 TL Acil Tedavi Teminat\u0131 ve 50.000 TL Ferdi Kaza Teminat\u0131<\/li>\n<!-- \/wp:list-item --><\/ul>\n<!-- \/wp:list -->\n\n<!-- wp:paragraph -->\n<p>Acil Sa\u011fl\u0131\u011f\u0131m Sigortas\u0131 ile teminat alt\u0131na al\u0131nan durumlar ve hastal\u0131klar:<\/p>\n<!-- \/wp:paragraph -->\n\n<!-- wp:list -->\n<ul><!-- wp:list-item -->\n<li>Trafik Kazas\u0131<\/li>\n<!-- \/wp:list-item -->\n\n<!-- wp:list-item -->\n<li>Suda bo\u011fulma<\/li>\n<!-- \/wp:list-item -->\n\n<!-- wp:list-item -->\n<li>Darp ve benzeri genel v\u00fccut travmas\u0131 (y\u00fcksekten d\u00fc\u015fme, uzuv kopmalar\u0131, t\u00fcm k\u0131r\u0131klar ve \u00e7\u0131k\u0131klar, darbe sonucu sinir kopmalar\u0131 ya da kesilmesi, akut masif kanamalar vb.)<\/li>\n<!-- \/wp:list-item -->\n\n<!-- wp:list-item -->\n<li>Kur\u015funlanma, b\u0131\u00e7aklanma (c\u00fcr\u00fcm ve c\u00fcr\u00fcme te\u015febb\u00fcs hali istisnad\u0131r)<\/li>\n<!-- \/wp:list-item -->\n\n<!-- wp:list-item -->\n<li>Tahri\u015f edici madde yan\u0131klar\u0131<\/li>\n<!-- \/wp:list-item -->\n\n<!-- wp:list-item -->\n<li>Solunum yolu zehirlenmeleri (intihar giri\u015fimi kapsam d\u0131\u015f\u0131d\u0131r)<\/li>\n<!-- \/wp:list-item -->\n\n<!-- wp:list-item -->\n<li>Hayvan \u0131s\u0131rmas\u0131 veya b\u00f6cek sokmas\u0131 sonucu olu\u015fabilen anjio \u00f6dem ve her t\u00fcrl\u00fc anaflatik \u015fok tablosu<\/li>\n<!-- \/wp:list-item -->\n\n<!-- wp:list-item -->\n<li>\u00dc\u00e7\u00fcnc\u00fc derece yan\u0131klar<\/li>\n<!-- \/wp:list-item -->\n\n<!-- wp:list-item -->\n<li>\u0130la\u00e7, g\u0131da ve kimyasal madde zehirlenmeleri (intihar te\u015febb\u00fcs\u00fc hari\u00e7)<\/li>\n<!-- \/wp:list-item -->\n\n<!-- wp:list-item -->\n<li>Akut Miyokart Enfarkt\u00fcs\u00fc ile ilgili t\u00fcm medikal tedaviler (hastane yat\u0131\u015f\u0131, yo\u011fun bak\u0131m, ila\u00e7 tedavisi vb.) \u00f6denmektedir. Akut Miyokart Enfarkt\u00fcs\u00fc sonras\u0131nda gerekebilecek her t\u00fcrl\u00fc cerrahi i\u015flem (stent tak\u0131lmas\u0131, ptca, bypass) teminat d\u0131\u015f\u0131ndad\u0131r.<\/li>\n<!-- \/wp:list-item -->\n\n<!-- wp:list-item -->\n<li>Solunum sistemine yabanc\u0131 cisim ka\u00e7mas\u0131<\/li>\n<!-- \/wp:list-item -->\n\n<!-- wp:list-item -->\n<li>Akut Apandisit<\/li>\n<!-- \/wp:list-item --><\/ul>\n<!-- \/wp:list -->\t\t\t\t\t\t<\/div>\n\t\t\t\t<\/div>\n\t\t\t\t\t<\/div>\n\t\t\t\t<\/div>\n\t\t\t\t\t<\/div>\n\t\t<\/div>\n\t\t\t\t<div class=\"elementor-column elementor-col-50 elementor-top-column elementor-element elementor-element-121191a3\" data-id=\"121191a3\" data-element_type=\"column\">\n\t\t\t<div class=\"elementor-widget-wrap elementor-element-populated\">\n\t\t\t\t\t\t<div class=\"elementor-element elementor-element-5b50404a elementor-widget elementor-widget-sidebar\" data-id=\"5b50404a\" data-element_type=\"widget\" data-widget_type=\"sidebar.default\">\n\t\t\t\t<div class=\"elementor-widget-container\">\n\t\t\t<li id=\"block-7\" class=\"widget widget_block\">\n<div class=\"wp-block-group has-background is-vertical is-content-justification-center is-layout-flex wp-container-core-group-is-layout-4b2eccd6 wp-block-group-is-layout-flex\" style=\"background-color:#028639\"><div class=\"wp-block-image\">\n<figure class=\"aligncenter size-large is-resized\"><img fetchpriority=\"high\" decoding=\"async\" fetchpriority=\"high\" width=\"745\" height=\"1024\" src=\"https:\/\/pro2.acentemjet.com.tr\/wp-content\/uploads\/2024\/04\/transparent-ui-icon-pin-icon-location-icon-5df084a487e478.7119334115760436845566-745x1024.png\" alt=\"\" class=\"wp-image-67\" style=\"width:91px;height:auto\" srcset=\"https:\/\/pro2.acentemjet.com.tr\/wp-content\/uploads\/2024\/04\/transparent-ui-icon-pin-icon-location-icon-5df084a487e478.7119334115760436845566-745x1024.png 745w, https:\/\/pro2.acentemjet.com.tr\/wp-content\/uploads\/2024\/04\/transparent-ui-icon-pin-icon-location-icon-5df084a487e478.7119334115760436845566-218x300.png 218w, https:\/\/pro2.acentemjet.com.tr\/wp-content\/uploads\/2024\/04\/transparent-ui-icon-pin-icon-location-icon-5df084a487e478.7119334115760436845566-768x1056.png 768w, https:\/\/pro2.acentemjet.com.tr\/wp-content\/uploads\/2024\/04\/transparent-ui-icon-pin-icon-location-icon-5df084a487e478.7119334115760436845566.png 950w\" sizes=\"(max-width: 745px) 100vw, 745px\" \/><\/figure>\n<\/div><\/div>\n<\/li>\n<li id=\"block-9\" class=\"widget widget_block\"><!DOCTYPE html>\n<html lang=\"en\">\n<head>\n<meta charset=\"UTF-8\">\n<meta name=\"viewport\" content=\"width=device-width, initial-scale=1.0\">\n<title>Arka Planl\u0131 Div<\/title>\n<style>\n    .background-div {\n        background-color: #028639;\n        padding: 20px;\n        text-align: center;\n    }\n    .position-img {\n        margin-bottom: 20px;\n    }\n    select {\n        width: 100%;\n        padding: 10px;\n        margin-bottom: 20px;\n    }\n    .btn {\n        background-color: rgba(0, 0, 0, 0.5);\n        color: white;\n        padding: 10px 20px;\n        border: none;\n        border-radius: 5px;\n        cursor: pointer;\n        transition: background-color 0.3s ease;\n    }\n    .btn:hover {\n        background-color: rgba(0, 0, 0, 0.7);\n    }\n    .btn-dark {\n        background-color: rgba(0, 0, 0, 0.9);\n    }\n<\/style>\n<\/head>\n<body>\n<div class=\"background-div\">\n    \n    <select name=\"ctl00$MainContent$DropDownList1\" onchange=\"javascript:setTimeout('__doPostBack(\\'ctl00$MainContent$DropDownList1\\',\\'\\')', 0)\" id=\"MainContent_DropDownList1\" class=\"styled-select auto-style12\">\n        <option selected=\"selected\" value=\"-1\">Sigorta T\u00fcr\u00fcn\u00fc Se\u00e7iniz<\/option>\n        <option value=\"1\">Kasko<\/option>\n        <option value=\"2\">Trafik Sigortas\u0131<\/option>\n        <option value=\"3\">Seyahat Sigortas\u0131<\/option>\n        <option value=\"4\">Konut Sigortas\u0131<\/option>\n        <option value=\"5\">Tamamlay\u0131c\u0131 Sa\u011fl\u0131k<\/option>\n        <option value=\"6\">\u0130\u015fyeri Sigortas\u0131<\/option>\n        <option value=\"7\">Sa\u011fl\u0131k Sigortas\u0131<\/option>\n        <option value=\"8\">Dask<\/option>\n        <option value=\"9\">Bireysel Emeklilik<\/option>\n    <\/select>\n    <button class=\"btn\">TEKL\u0130F AL<\/button><br><br>\n    <button class=\"btn btn-dark\">POL\u0130\u00c7E HATIRLAT<\/button>\n<\/div>\n<\/body>\n<\/html><\/li>\n<li id=\"block-12\" class=\"widget widget_block\">\n<figure class=\"wp-block-pullquote\"><blockquote><p><strong>H\u0130ZMETLER\u0130M\u0130Z<\/strong><\/p><\/blockquote><\/figure>\n<\/li>\n<li id=\"block-11\" class=\"widget widget_block\"><div ><style id=\"sp_pcp_dynamic_style195\">#pcp_wrapper-195 .sp-pcp-row{ margin-right: -10px;margin-left: -10px;}#pcp_wrapper-195 .sp-pcp-row [class*='sp-pcp-col-']{padding-right: 10px;padding-left: 10px;padding-bottom: 20px;}.pcp-wrapper-195 .sp-pcp-title a {color: #111;display: inherit;} .pcp-wrapper-195 .sp-pcp-title a:hover {color: #e1624b;}.pcp-wrapper-195 .sp-pcp-post-content{color: #444; }#pcp_wrapper-195 .dots .swiper-pagination-bullet{ background: #cccccc; } #pcp_wrapper-195 .dots .swiper-pagination-bullet-active { background: #D64224; }#pcp_wrapper-195 .pcp-button-prev,#pcp_wrapper-195 .pcp-button-next{ background-image: none; background-size: auto; background-color: #fff; height: 33px; width: 33px; margin-top: 8px; border: 1px solid #aaa; text-align: center; line-height: 30px; -webkit-transition: 0.3s; }#pcp_wrapper-195 .pcp-button-prev:hover, #pcp_wrapper-195 .pcp-button-next:hover{ background-color: #D64224; border-color: #D64224; } #pcp_wrapper-195 .pcp-button-prev .fa, #pcp_wrapper-195 .pcp-button-next .fa { color: #aaa; } #pcp_wrapper-195 .pcp-button-prev:hover .fa, #pcp_wrapper-195 .pcp-button-next:hover .fa { color: #fff; } #pcp_wrapper-195.pcp-carousel-wrapper .sp-pcp-post{ margin-top: 0; }#pcp_wrapper-195 .sp-pcp-post {padding: 0 0 0 0;}#pcp_wrapper-195 .sp-pcp-post {border: 0px solid #e2e2e2;}#pcp_wrapper-195 .sp-pcp-post {border-radius: 0px;}#pcp_wrapper-195 .sp-pcp-post{background-color: transparent;}.pcp-wrapper-195 .sp-pcp-post-meta li,.pcp-wrapper-195 .sp-pcp-post-meta ul,.pcp-wrapper-195 .sp-pcp-post-meta li a{color: #888;}.pcp-wrapper-195 .sp-pcp-post-meta li a:hover{color: #e1624b;}#pcp_wrapper-195 .pcp-readmore-link{ background: transparent; color: #111; border-color: #888; } #pcp_wrapper-195 .pcp-readmore-link:hover { background: #e1624b; color: #fff; border-color: #e1624b; }#pcp_wrapper-195 .pcp-post-pagination .page-numbers.current, #pcp_wrapper-195 .pcp-post-pagination a.active , #pcp_wrapper-195 .pcp-post-pagination a:hover{ color: #ffffff; background: #e1624b; border-color: #e1624b; }#pcp_wrapper-195 .pcp-post-pagination .page-numbers, .pcp-post-pagination a{ background: #ffffff; color:#5e5e5e; border-color: #bbbbbb; }<\/style><!-- Markup Starts -->\n<div id=\"pcp_wrapper-195\" class=\"sp-pcp-section sp-pcp-container pcp-wrapper-195 pcp-carousel-wrapper standard\" data-sid=\"195\">\n\t<div id=\"sp-pcp-id-195\" class=\"swiper-container sp-pcp-carousel top_right\" dir=\"ltr\" data-carousel='{ \"speed\":600, \"items\":1, \"spaceBetween\":20, \"navigation\":true, \"pagination\": true, \"autoplay\": true, \"autoplay_speed\": 4000, \"loop\": true, \"autoHeight\": false, \"lazy\":  true, \"simulateTouch\": true, \"freeMode\": false, \"slider_mouse_wheel\": false,\"allowTouchMove\": true, \"slidesPerView\": {\"lg_desktop\": 1, \"desktop\": 1, \"tablet\": 1, \"mobile_landscape\": 1, \"mobile\": 1}, \"navigation_mobile\": true, \"pagination_mobile\": true, \"stop_onHover\": true, \"enabled\": true, \"prevSlideMessage\": \"Previous slide\", \"nextSlideMessage\": \"Next slide\", \"firstSlideMessage\": \"This is the first slide\", \"lastSlideMessage\": \"This is the last slide\", \"keyboard\": \"true\", \"paginationBulletMessage\": \"Go to slide {{index}}\" }'>\n\t\t\t<div class=\"swiper-wrapper\">\n\t\t\t\t\t\t<div class=\" swiper-slide swiper-lazy\">\n\t\t\t<div class=\"sp-pcp-post pcp-item-419\" data-id=\"419\">\n\t\t\t\t\t\t\t<h2 class=\"sp-pcp-title\">\n\t\t\t\t\t\t\t\t\t<a href=\"https:\/\/pro2.acentemjet.com.tr\/index.php\/2024\/04\/18\/seyahat-saglik-sigortasi\/\"  target=\"_self\">Seyahat Sa\u011fl\u0131k Sigortas\u0131<\/a>\t\t\t\t\t\t\t<\/h2>\n\t\t\t\t\t\t<div class=\"sp-pcp-post-content\">\n\t\t\t<p>Seyahat sa\u011fl\u0131k sigortas\u0131 ula\u015f\u0131m yollar\u0131ndan herhangi birisini kullanarak yurt i\u00e7inde, yurt d\u0131\u015f\u0131na veya yurt d\u0131\u015f\u0131ndan \u00fclkemize seyahat edenleri, seyahatleri esnas\u0131nda kar\u015f\u0131la\u015fabilecekleri sa\u011fl\u0131k risklerine kar\u015f\u0131 koruyan bir \u00f6zel sigorta t\u00fcr\u00fcd\u00fcr.&nbsp; Sigortac\u0131, seyahat s\u0131ras\u0131nda poli\u00e7enin ge\u00e7erlilik tarihleri aras\u0131nda meydana gelen bir kaza veya \u00f6nceden mevcut bir duruma ba\u011fl\u0131 olmayan hastal\u0131k hali sonucunda, planlanan seyahat s\u00fcresi d\u0131\u015f\u0131nda meydana [&hellip;]<\/p>\n\t\t<div class=\"sp-pcp-readmore\">\n\t\t\t\t\t\t\t<a class=\"pcp-readmore-link\" target=\"_self\" href=\"https:\/\/pro2.acentemjet.com.tr\/index.php\/2024\/04\/18\/seyahat-saglik-sigortasi\/\" >\n\t\t\t\t\t\tDevam\u0131n\u0131 Oku <\/a>\n\t\t<\/div>\n\t\t\t\t\t<\/div>\n\t\t\t\t\t\t<\/div>\n\t\t<\/div>\n\t\t\t\t<div class=\" swiper-slide swiper-lazy\">\n\t\t\t<div class=\"sp-pcp-post pcp-item-417\" data-id=\"417\">\n\t\t\t\t\t\t\t<h2 class=\"sp-pcp-title\">\n\t\t\t\t\t\t\t\t\t<a href=\"https:\/\/pro2.acentemjet.com.tr\/index.php\/2024\/04\/18\/saglik-sigortasi-2\/\"  target=\"_self\">Sa\u011fl\u0131k Sigortas\u0131<\/a>\t\t\t\t\t\t\t<\/h2>\n\t\t\t\t\t\t<div class=\"sp-pcp-post-content\">\n\t\t\t<p>Sa\u011fl\u0131\u011f\u0131n\u0131z Do\u011fa Sigorta ile g\u00fcvende\u2026 Do\u011fru Ad\u0131m Tamamlay\u0131c\u0131 Sa\u011fl\u0131k Sigortas\u0131 nas\u0131l kullan\u0131l\u0131r? Do\u011fa Sigorta Tamamlay\u0131c\u0131 Sa\u011fl\u0131k Sigortas\u0131, sizin ve ailenizin beklenmedik sa\u011fl\u0131k sorunlar\u0131nda hem SGK hem de Do\u011fa Sigorta ile anla\u015fmal\u0131 \u00f6zel hastanelerdeki fark \u00fccretlerinizi b\u00fct\u00e7enize uygun primlerle g\u00fcvence alt\u0131na al\u0131r. Yabanc\u0131 Uyruklulara \u00d6zel &#8216;Turuncu Sa\u011fl\u0131k Sigortas\u0131&#8217; Yabanc\u0131 uyruklu (T.C. vatanda\u015f\u0131 olmayan) ki\u015filerin k\u0131sa d\u00f6nem [&hellip;]<\/p>\n\t\t<div class=\"sp-pcp-readmore\">\n\t\t\t\t\t\t\t<a class=\"pcp-readmore-link\" target=\"_self\" href=\"https:\/\/pro2.acentemjet.com.tr\/index.php\/2024\/04\/18\/saglik-sigortasi-2\/\" >\n\t\t\t\t\t\tDevam\u0131n\u0131 Oku <\/a>\n\t\t<\/div>\n\t\t\t\t\t<\/div>\n\t\t\t\t\t\t<\/div>\n\t\t<\/div>\n\t\t\t\t<div class=\" swiper-slide swiper-lazy\">\n\t\t\t<div class=\"sp-pcp-post pcp-item-415\" data-id=\"415\">\n\t\t\t\t\t\t\t<h2 class=\"sp-pcp-title\">\n\t\t\t\t\t\t\t\t\t<a href=\"https:\/\/pro2.acentemjet.com.tr\/index.php\/2024\/04\/18\/sorumluluk-sigortasi-2\/\"  target=\"_self\">Sorumluluk Sigortas\u0131<\/a>\t\t\t\t\t\t\t<\/h2>\n\t\t\t\t\t\t<div class=\"sp-pcp-post-content\">\n\t\t\t<p>Zorunlu Yolcu Ta\u015f\u0131mac\u0131l\u0131k Mali Sorumluluk Bu sigorta, yurti\u00e7i ve uluslararas\u0131 yolcu ta\u015f\u0131mac\u0131l\u0131\u011f\u0131 kapsam\u0131nda seyahat eden yolcular\u0131, s\u00fcr\u00fcc\u00fcleri ve yard\u0131mc\u0131lar\u0131n\u0131, ta\u015f\u0131mac\u0131l\u0131k hizmetinin ba\u015flang\u0131c\u0131ndan bitimine kadar ge\u00e7en seyahat s\u00fcresi i\u00e7inde, duraklamalar da dahil olmak \u00fczere, maruz kalacaklar\u0131 her t\u00fcrl\u00fc kazalar\u0131n neticelerine kar\u015f\u0131 a\u015fa\u011f\u0131daki \u015fartlar \u00e7er\u00e7evesinde teminat alt\u0131na al\u0131r.&nbsp; Maden \u00c7al\u0131\u015fanlar\u0131 Zorunlu Ferdi Kaza Sigortas\u0131 Yer alt\u0131 ve [&hellip;]<\/p>\n\t\t<div class=\"sp-pcp-readmore\">\n\t\t\t\t\t\t\t<a class=\"pcp-readmore-link\" target=\"_self\" href=\"https:\/\/pro2.acentemjet.com.tr\/index.php\/2024\/04\/18\/sorumluluk-sigortasi-2\/\" >\n\t\t\t\t\t\tDevam\u0131n\u0131 Oku <\/a>\n\t\t<\/div>\n\t\t\t\t\t<\/div>\n\t\t\t\t\t\t<\/div>\n\t\t<\/div>\n\t\t\t\t<div class=\" swiper-slide swiper-lazy\">\n\t\t\t<div class=\"sp-pcp-post pcp-item-413\" data-id=\"413\">\n\t\t\t\t\t\t\t<h2 class=\"sp-pcp-title\">\n\t\t\t\t\t\t\t\t\t<a href=\"https:\/\/pro2.acentemjet.com.tr\/index.php\/2024\/04\/18\/nakliyat-sigortasi-2\/\"  target=\"_self\">Nakliyat Sigortas\u0131<\/a>\t\t\t\t\t\t\t<\/h2>\n\t\t\t\t\t\t<div class=\"sp-pcp-post-content\">\n\t\t\t<p>Sahibi bulundu\u011funuz mallar\u0131n, \u00e7e\u015fitli nakil vas\u0131talar\u0131 ile bir yerden di\u011fer bir yere ta\u015f\u0131nmas\u0131, bu ta\u015f\u0131nma s\u0131ras\u0131nda da olu\u015fabilecek \u00e7e\u015fitli rizikolara kar\u015f\u0131 g\u00fcvence alt\u0131na al\u0131nmas\u0131 Emtia Nakliyat Sigortas\u0131 \u00fcr\u00fcn\u00fcm\u00fcz ile sa\u011flanmaktad\u0131r. Ayr\u0131ca, Sigortal\u0131 olarak sadece emtian\u0131z\u0131n de\u011ferini de\u011fil, &nbsp;navlun, sigorta \u00fccreti ve \u00f6ng\u00f6r\u00fclen kar gibi baz\u0131 ek giderleriniz de teminat alt\u0131na al\u0131nabilmektedir. Bu \u00fcr\u00fcn\u00fcm\u00fczde mal\u0131n\u0131z\u0131n g\u00fcvence [&hellip;]<\/p>\n\t\t<div class=\"sp-pcp-readmore\">\n\t\t\t\t\t\t\t<a class=\"pcp-readmore-link\" target=\"_self\" href=\"https:\/\/pro2.acentemjet.com.tr\/index.php\/2024\/04\/18\/nakliyat-sigortasi-2\/\" >\n\t\t\t\t\t\tDevam\u0131n\u0131 Oku <\/a>\n\t\t<\/div>\n\t\t\t\t\t<\/div>\n\t\t\t\t\t\t<\/div>\n\t\t<\/div>\n\t\t\t\t<div class=\" swiper-slide swiper-lazy\">\n\t\t\t<div class=\"sp-pcp-post pcp-item-411\" data-id=\"411\">\n\t\t\t\t\t\t\t<h2 class=\"sp-pcp-title\">\n\t\t\t\t\t\t\t\t\t<a href=\"https:\/\/pro2.acentemjet.com.tr\/index.php\/2024\/04\/18\/muhendislik-sigortasi-2\/\"  target=\"_self\">M\u00fchendislik Sigortas\u0131<\/a>\t\t\t\t\t\t\t<\/h2>\n\t\t\t\t\t\t<div class=\"sp-pcp-post-content\">\n\t\t\t<p>Do\u011fa&nbsp;M\u00fchendislik Sigortalar\u0131 ile projenizin ba\u015flang\u0131c\u0131ndan sonuna kadar \u00fcretimi aksatacak her t\u00fcrl\u00fc risk teminat kapsam\u0131nda g\u00fcvence alt\u0131na al\u0131n\u0131r. Makine K\u0131r\u0131lmas\u0131 Sigortas\u0131, Elektronik Cihaz Sigortas\u0131, \u0130n\u015faat All Risks Sigortas\u0131, Montaj All Risks Sigortas\u0131, Do\u011falgaz Tesisat Sigortas\u0131 \u00fcr\u00fcnlerimizle i\u015finizin aksamamas\u0131 i\u00e7in size \u00f6zel olanaklar sunuyoruz. Makine K\u0131r\u0131lmas\u0131 Sigorta Kapsam\u0131: Bu poli\u00e7e, imalat y\u0131llar\u0131, nitelikleri ve de\u011ferleri yaz\u0131l\u0131 makine [&hellip;]<\/p>\n\t\t<div class=\"sp-pcp-readmore\">\n\t\t\t\t\t\t\t<a class=\"pcp-readmore-link\" target=\"_self\" href=\"https:\/\/pro2.acentemjet.com.tr\/index.php\/2024\/04\/18\/muhendislik-sigortasi-2\/\" >\n\t\t\t\t\t\tDevam\u0131n\u0131 Oku <\/a>\n\t\t<\/div>\n\t\t\t\t\t<\/div>\n\t\t\t\t\t\t<\/div>\n\t\t<\/div>\n\t\t\t\t<div class=\" swiper-slide swiper-lazy\">\n\t\t\t<div class=\"sp-pcp-post pcp-item-409\" data-id=\"409\">\n\t\t\t\t\t\t\t<h2 class=\"sp-pcp-title\">\n\t\t\t\t\t\t\t\t\t<a href=\"https:\/\/pro2.acentemjet.com.tr\/index.php\/2024\/04\/18\/ferdi-kaza-sigortasi-2\/\"  target=\"_self\">Ferdi Kaza Sigortas\u0131<\/a>\t\t\t\t\t\t\t<\/h2>\n\t\t\t\t\t\t<div class=\"sp-pcp-post-content\">\n\t\t\t<p>Ferdi kaza sigortas\u0131, ani ve beklenmedik kazalar\u0131n sonu\u00e7lar\u0131na kar\u015f\u0131 a\u015fa\u011f\u0131daki risklere kar\u015f\u0131 g\u00fcvence sa\u011flar. Do\u011fal Destek Ferdi Kaza Sigortas\u0131 Atm Teminat\u0131 Sigortal\u0131n\u0131n ATM \u00fczerinde i\u015flem yaparken veya yapt\u0131ktan sonra ba\u015f\u0131na gelebilecek olaylar sonucu u\u011frayaca\u011f\u0131 nakit kayb\u0131n\u0131 kar\u015f\u0131lar. Sigortal\u0131n\u0131n ATM\u2019lerden para \u00e7ekme i\u015flemi s\u0131ras\u0131nda h\u0131rs\u0131zl\u0131k veya zorla para \u00e7ektirme,veya mekanik d\u00fczenek ile ATM\u2018nin tahrifat\u0131 veya zorla [&hellip;]<\/p>\n\t\t<div class=\"sp-pcp-readmore\">\n\t\t\t\t\t\t\t<a class=\"pcp-readmore-link\" target=\"_self\" href=\"https:\/\/pro2.acentemjet.com.tr\/index.php\/2024\/04\/18\/ferdi-kaza-sigortasi-2\/\" >\n\t\t\t\t\t\tDevam\u0131n\u0131 Oku <\/a>\n\t\t<\/div>\n\t\t\t\t\t<\/div>\n\t\t\t\t\t\t<\/div>\n\t\t<\/div>\n\t\t\t\t\t<\/div>\n\t\t\t\t\t\t<div class=\"pcp-pagination swiper-pagination dots\"><\/div>\n\t\t\t\t\t\t\t\t\t\t<div class=\"pcp-button-next swiper-button-next top_right\"><i class=\"fa fa-angle-right\"><\/i><\/div>\n\t\t\t\t<div class=\"pcp-button-prev swiper-button-prev top_right\"><i class=\"fa fa-angle-left\"><\/i><\/div>\t<\/div>\n<\/div>\n<\/div><\/li>\n\t\t<\/div>\n\t\t\t\t<\/div>\n\t\t\t\t\t<\/div>\n\t\t<\/div>\n\t\t\t\t\t<\/div>\n\t\t<\/section>\n\t\t\t\t<\/div>\n\t\t","protected":false},"excerpt":{"rendered":"<p>Sa\u011fl\u0131\u011f\u0131m Tamam Sigortas\u0131 \u00d6zel hastanelerde SGK\u2019n\u0131z\u0131 kulland\u0131\u011f\u0131n\u0131zda \u00f6demeniz gereken fark \u00fccretlerini kar\u015f\u0131layan bir poli\u00e7e ile Sa\u011fl\u0131\u011f\u0131n\u0131z\u0131 g\u00fcvence alt\u0131na almak ister misiniz? \u00dcstelik hi\u00e7bir prosed\u00fcr olmadan, \u00e7ok uygun fiyat ve taksit se\u00e7enekleriyle! Sigortal\u0131n\u0131n, Sosyal G\u00fcvenlik Kurumu (SGK) ile anla\u015fmal\u0131 \u00f6zel sa\u011fl\u0131k kurulu\u015flar\u0131ndan alaca\u011f\u0131 sa\u011fl\u0131k hizmetleri i\u00e7in \u00f6deyece\u011fi fark \u00fccretlerini \u00fcr\u00fcn \u00f6zel ve genel \u015fartlar\u0131 kapsam\u0131nda kar\u015f\u0131layan [&hellip;]<\/p>\n","protected":false},"author":1,"featured_media":0,"comment_status":"closed","ping_status":"closed","sticky":false,"template":"","format":"standard","meta":{"footnotes":""},"categories":[10],"tags":[],"class_list":["post-272","post","type-post","status-publish","format-standard","hentry","category-axa-sigorta"],"_links":{"self":[{"href":"https:\/\/pro2.acentemjet.com.tr\/index.php\/wp-json\/wp\/v2\/posts\/272","targetHints":{"allow":["GET"]}}],"collection":[{"href":"https:\/\/pro2.acentemjet.com.tr\/index.php\/wp-json\/wp\/v2\/posts"}],"about":[{"href":"https:\/\/pro2.acentemjet.com.tr\/index.php\/wp-json\/wp\/v2\/types\/post"}],"author":[{"embeddable":true,"href":"https:\/\/pro2.acentemjet.com.tr\/index.php\/wp-json\/wp\/v2\/users\/1"}],"replies":[{"embeddable":true,"href":"https:\/\/pro2.acentemjet.com.tr\/index.php\/wp-json\/wp\/v2\/comments?post=272"}],"version-history":[{"count":7,"href":"https:\/\/pro2.acentemjet.com.tr\/index.php\/wp-json\/wp\/v2\/posts\/272\/revisions"}],"predecessor-version":[{"id":683,"href":"https:\/\/pro2.acentemjet.com.tr\/index.php\/wp-json\/wp\/v2\/posts\/272\/revisions\/683"}],"wp:attachment":[{"href":"https:\/\/pro2.acentemjet.com.tr\/index.php\/wp-json\/wp\/v2\/media?parent=272"}],"wp:term":[{"taxonomy":"category","embeddable":true,"href":"https:\/\/pro2.acentemjet.com.tr\/index.php\/wp-json\/wp\/v2\/categories?post=272"},{"taxonomy":"post_tag","embeddable":true,"href":"https:\/\/pro2.acentemjet.com.tr\/index.php\/wp-json\/wp\/v2\/tags?post=272"}],"curies":[{"name":"wp","href":"https:\/\/api.w.org\/{rel}","templated":true}]}}