{"id":308,"date":"2024-04-15T14:50:22","date_gmt":"2024-04-15T14:50:22","guid":{"rendered":"https:\/\/pro2.acentemjet.com.tr\/?p=308"},"modified":"2024-04-20T12:20:43","modified_gmt":"2024-04-20T12:20:43","slug":"kasko-sigortasi","status":"publish","type":"post","link":"https:\/\/pro2.acentemjet.com.tr\/index.php\/2024\/04\/15\/kasko-sigortasi\/","title":{"rendered":"Kasko Sigortas\u0131"},"content":{"rendered":"\t\t<div data-elementor-type=\"wp-post\" data-elementor-id=\"308\" class=\"elementor elementor-308\">\n\t\t\t\t<div class=\"elementor-element elementor-element-6e747ea1 e-flex e-con-boxed e-con e-parent\" data-id=\"6e747ea1\" data-element_type=\"container\" data-core-v316-plus=\"true\">\n\t\t\t\t\t<div class=\"e-con-inner\">\n\t\t\t\t\t<\/div>\n\t\t\t\t<\/div>\n\t\t\t\t<section class=\"elementor-section elementor-top-section elementor-element elementor-element-5c1970ec elementor-section-boxed elementor-section-height-default elementor-section-height-default\" data-id=\"5c1970ec\" data-element_type=\"section\">\n\t\t\t\t\t\t<div class=\"elementor-container elementor-column-gap-default\">\n\t\t\t\t\t<div class=\"elementor-column elementor-col-50 elementor-top-column elementor-element elementor-element-b5565b9\" data-id=\"b5565b9\" data-element_type=\"column\">\n\t\t\t<div class=\"elementor-widget-wrap elementor-element-populated\">\n\t\t\t\t<div class=\"elementor-element elementor-element-3178ccd0 e-flex e-con-boxed e-con e-parent\" data-id=\"3178ccd0\" data-element_type=\"container\" data-core-v316-plus=\"true\">\n\t\t\t\t\t<div class=\"e-con-inner\">\n\t\t\t\t<div class=\"elementor-element elementor-element-4e70374e elementor-widget elementor-widget-text-editor\" data-id=\"4e70374e\" data-element_type=\"widget\" data-widget_type=\"text-editor.default\">\n\t\t\t\t<div class=\"elementor-widget-container\">\n\t\t\t<style>\/*! elementor - v3.20.0 - 26-03-2024 *\/\n.elementor-widget-text-editor.elementor-drop-cap-view-stacked .elementor-drop-cap{background-color:#69727d;color:#fff}.elementor-widget-text-editor.elementor-drop-cap-view-framed .elementor-drop-cap{color:#69727d;border:3px solid;background-color:transparent}.elementor-widget-text-editor:not(.elementor-drop-cap-view-default) .elementor-drop-cap{margin-top:8px}.elementor-widget-text-editor:not(.elementor-drop-cap-view-default) .elementor-drop-cap-letter{width:1em;height:1em}.elementor-widget-text-editor .elementor-drop-cap{float:left;text-align:center;line-height:1;font-size:50px}.elementor-widget-text-editor .elementor-drop-cap-letter{display:inline-block}<\/style>\t\t\t\t<!-- wp:heading {\"level\":4} -->\n<h4 class=\"wp-block-heading\"><strong>Geni\u015fletilmi\u015f Kasko Poli\u00e7esi<\/strong><\/h4>\n<!-- \/wp:heading -->\n\n<!-- wp:paragraph -->\n<p>Geni\u015fletilmi\u015f Kasko Poli\u00e7esi ile arac\u0131n\u0131z\u0131, kendinizi ve sevdiklerinizi g\u00fcvence alt\u0131na al\u0131n. Yeni bir d\u00f6nem ba\u015flatan HDI Sigorta h\u0131zl\u0131, b\u00fcrokratik olmayan, m\u00fc\u015fteri odakl\u0131 hizmet anlay\u0131\u015f\u0131yla b\u00fct\u00fcn T\u00fcrkiye\u2019ye hizmet veriyor. Geni\u015fletilmi\u015f Kasko Poli\u00e7esi ile \u00e7ok kapsaml\u0131 g\u00fcvenceler sunuyor.<\/p>\n<!-- \/wp:paragraph -->\n\n<!-- wp:paragraph -->\n<p><strong>Teminat Kapsam\u0131<\/strong><\/p>\n<!-- \/wp:paragraph -->\n\n<!-- wp:list -->\n<ul><!-- wp:list-item -->\n<li>Araca \u00e7arp\u0131lmas\u0131, arac\u0131n \u00e7arpmas\u0131, devrilmesi, d\u00fc\u015fmesi, yuvarlanmas\u0131, yanmas\u0131 ve \u00e7al\u0131nmas\u0131<\/li>\n<!-- \/wp:list-item -->\n\n<!-- wp:list-item -->\n<li>Grev, lokavt, karga\u015fa, halk hareketleri ve ter\u00f6r<\/li>\n<!-- \/wp:list-item -->\n\n<!-- wp:list-item -->\n<li>Deprem ve di\u011fer do\u011fal afetler<\/li>\n<!-- \/wp:list-item -->\n\n<!-- wp:list-item -->\n<li>Sel ve su bask\u0131n\u0131<\/li>\n<!-- \/wp:list-item -->\n\n<!-- wp:list-item -->\n<li>Sigara ve benzeri maddelerin temas\u0131yla meydana gelen yang\u0131n d\u0131\u015f\u0131ndaki zararlar<\/li>\n<!-- \/wp:list-item -->\n\n<!-- wp:list-item -->\n<li>Yetkili olmayan ki\u015filere \u00e7ektirilen araca gelen zararlar<\/li>\n<!-- \/wp:list-item -->\n\n<!-- wp:list-item -->\n<li>Arac\u0131n as\u0131l anahtarla \u00e7al\u0131nmas\u0131<\/li>\n<!-- \/wp:list-item -->\n\n<!-- wp:list-item -->\n<li>Anahtar teslim teminat\u0131<\/li>\n<!-- \/wp:list-item -->\n\n<!-- wp:list-item -->\n<li>K\u0131ymet kazanma<\/li>\n<!-- \/wp:list-item -->\n\n<!-- wp:list-item -->\n<li>Hasarda ikame primi al\u0131nmamas\u0131<\/li>\n<!-- \/wp:list-item -->\n\n<!-- wp:list-item -->\n<li>Mini Tamir Hizmeti<\/li>\n<!-- \/wp:list-item -->\n\n<!-- wp:list-item -->\n<li>Kemirgen teminat\u0131<\/li>\n<!-- \/wp:list-item --><\/ul>\n<!-- \/wp:list -->\n\n<!-- wp:paragraph -->\n<p><strong>7 g\u00fcn 24 saat<\/strong><\/p>\n<!-- \/wp:paragraph -->\n\n<!-- wp:list -->\n<ul><!-- wp:list-item -->\n<li>Online eksper tayini<\/li>\n<!-- \/wp:list-item -->\n\n<!-- wp:list-item -->\n<li>Hasar ihbar\u0131 alma ve hasar s\u00fcre\u00e7 takibi<\/li>\n<!-- \/wp:list-item -->\n\n<!-- wp:list-item -->\n<li>HDI Yard\u0131m Hizmetleri<\/li>\n<!-- \/wp:list-item -->\n\n<!-- wp:list-item -->\n<li>Acil t\u0131bbi m\u00fcdahale ve ambulans hizmeti<\/li>\n<!-- \/wp:list-item -->\n\n<!-- wp:list-item -->\n<li>Cam de\u011fi\u015ftirme hizmeti<\/li>\n<!-- \/wp:list-item -->\n\n<!-- wp:list-item -->\n<li>Bilgi dan\u0131\u015fmanl\u0131k hizmeti<\/li>\n<!-- \/wp:list-item -->\n\n<!-- wp:list-item -->\n<li>T\u00fcrkiye\u2019nin 2020 noktas\u0131ndan online ileti\u015fim imk\u00e2n\u0131<\/li>\n<!-- \/wp:list-item --><\/ul>\n<!-- \/wp:list -->\n\n<!-- wp:paragraph -->\n<p><strong>Kesintisiz Hizmet<\/strong><br>HDI Sigorta Geni\u015fletilmi\u015f Kasko Poli\u00e7esi\u2018ni tercih eden herkes kesintisiz hizmet al\u0131yor. HDI Sigorta Geni\u015fletilmi\u015f Kasko Poli\u00e7esi ile 7 g\u00fcn 24 saat kesintisiz olarak \u201casistan hizmeti\u201d verilmektedir.<\/p>\n<!-- \/wp:paragraph -->\n\n<!-- wp:paragraph -->\n<p>Geni\u015fletilmi\u015f Kasko Poli\u00e7esinin sundu\u011fu di\u011fer hizmetler ve g\u00fcvenceler:<br><strong>Yurt d\u0131\u015f\u0131 Teminat\u0131<\/strong><br>HDI Sigorta, poli\u00e7ede belirtilen s\u00fcre kapsam\u0131nda, arac\u0131n\u0131z\u0131n T\u00fcrkiye s\u0131n\u0131rlar\u0131 d\u0131\u015f\u0131nda u\u011frayaca\u011f\u0131 hasarlar\u0131 da teminat alt\u0131na al\u0131r.<\/p>\n<!-- \/wp:paragraph -->\n\n<!-- wp:paragraph -->\n<p><strong>Kullan\u0131m ve Gelir Kayb\u0131<\/strong><br>HDI Sigorta, ta\u015f\u0131t\u0131n sigorta kapsam\u0131na giren k\u0131smi bir zarara u\u011framas\u0131 nedeni ile kullan\u0131m ve gelir kayb\u0131ndan do\u011fan zararlar\u0131, poli\u00e7ede belirtilen limitlere kadar teminat alt\u0131na al\u0131r.<\/p>\n<!-- \/wp:paragraph -->\n\n<!-- wp:paragraph -->\n<p><strong>Patlay\u0131c\u0131 ve Parlay\u0131c\u0131 Maddeler Ta\u015f\u0131nmas\u0131<\/strong><br>HDI Sigorta, arac\u0131n\u0131zda kurallara uygun \u015fekilde ta\u015f\u0131nmas\u0131na izin verilen patlay\u0131c\u0131, parlay\u0131c\u0131 ve yak\u0131c\u0131 maddeler ta\u015f\u0131nmas\u0131 nedeniyle u\u011frayaca\u011f\u0131 zararlar\u0131 kar\u015f\u0131lar.<\/p>\n<!-- \/wp:paragraph -->\n\n<!-- wp:paragraph -->\n<p><strong>Arac\u0131n As\u0131l Anahtarla \u00c7al\u0131nmas\u0131<\/strong><br>HDI Sigorta, kullan\u0131m tarz\u0131 hususi ve kamyonet olan sigortal\u0131 arac\u0131n as\u0131l anahtar\u0131n\u0131n gasp sonucunda ele ge\u00e7irilmesi yoluyla arac\u0131n \u00e7al\u0131nmas\u0131 veya \u00e7al\u0131nmaya te\u015febb\u00fcs edilmesi sonucunda meydana gelecek ziyan ve hasarlar\u0131 kar\u015f\u0131lar.<\/p>\n<!-- \/wp:paragraph -->\n\n<!-- wp:paragraph -->\n<p><strong>Anahtar Kayb\u0131 Teminat\u0131<\/strong><br>HDI Sigorta, ara\u00e7 anahtarlar\u0131n\u0131n kaybolmas\u0131 ve\/veya \u00e7al\u0131nmas\u0131 riskinden do\u011fan ara\u00e7 g\u00fcvenli\u011fini sa\u011flamak amac\u0131yla anahtarlar\u0131n kopyalanmas\u0131, alarm ve immobilizerin yeniden kodlanmas\u0131, kilit kontak setinin de\u011fi\u015ftirilmesi masraflar\u0131n\u0131 kar\u015f\u0131lar.<\/p>\n<!-- \/wp:paragraph -->\n\n<!-- wp:paragraph -->\n<p><strong>Ki\u015fisel E\u015fya Teminat\u0131<\/strong><br>HDI Sigorta, hususi ara\u00e7larda b\u0131rak\u0131lan veya unutulan \u00f6zel e\u015fyalar\u0131 da g\u00fcvence alt\u0131na al\u0131r.<\/p>\n<!-- \/wp:paragraph -->\n\n<!-- wp:paragraph -->\n<p>Olay s\u0131ras\u0131nda tutulan ifade tutana\u011f\u0131 ve resmi zab\u0131tlarda bulunmas\u0131 durumunda, ara\u00e7 i\u00e7inde kilitli bulunan \u00f6zel e\u015fyalar (nakit para, m\u00fccevherat, cep telefonu ve ticari emtia hari\u00e7) teminata dahil edilebilir. (Elektronik cihazlara bagajda kilitli bulunmalar\u0131 \u015fart\u0131 ile teminat verilir.)<\/p>\n<!-- \/wp:paragraph -->\n\n<!-- wp:paragraph -->\n<p><strong>Rayi\u00e7 Bedel Koruma Teminat\u0131<\/strong><br>Rayi\u00e7 de\u011ferin tespiti ile ilgili maddede belirtilen ara\u015ft\u0131rma sonucu tespit edilen rayi\u00e7 de\u011ferin, T\u00fcrkiye Sigorta Reas\u00fcrans ve Emeklilik \u015eirketleri Birli\u011fince ilan edilen rayi\u00e7 de\u011feri a\u015fmas\u0131 durumunda, sigortac\u0131 taraf\u0131ndan ara\u015ft\u0131rma neticesinde tespit olunan tutar \u00f6denir.<\/p>\n<!-- \/wp:paragraph -->\n\n<!-- wp:paragraph -->\n<p><strong>Aksesuar Teminat\u0131<\/strong><br>HDI Sigorta, arac\u0131n\u0131zda bulunan orijinal aksesuarlar\u0131 teminata d\u00e2hil eder. Standart fabrika \u00e7\u0131k\u0131\u015f\u0131nda bulunmayan ilave aksesuarlar\u0131 da bedelleri belirtilmek ve primi al\u0131nmak \u015fart\u0131 ile teminat alt\u0131na al\u0131r.<\/p>\n<!-- \/wp:paragraph -->\n\n<!-- wp:paragraph -->\n<p><strong>Anahtar Teslim De\u011feri Teminat\u0131<\/strong><br>Poli\u00e7ede detaylar\u0131 kay\u0131tl\u0131 birinci el, s\u0131f\u0131r km arac\u0131n ruhsatta kay\u0131tl\u0131 trafi\u011fe \u00e7\u0131k\u0131\u015f tarihi ile poli\u00e7e tanzim tarihi aras\u0131ndaki s\u00fcrenin 30 g\u00fcn\u00fc ge\u00e7memi\u015f olmas\u0131 \u015fart\u0131 ile poli\u00e7e s\u00fcresi i\u00e7inde meydana gelen bir hasar neticesi tam hasarl\u0131 say\u0131lmas\u0131 halinde \u00f6denecek tazminat miktar\u0131n\u0131n hesaplanmas\u0131nda, ayn\u0131 marka, tip ve aksesuarlara sahip s\u0131f\u0131r km arac\u0131n piyasada ilan edilmi\u015f olan pe\u015fin anahtar teslim de\u011feri baz al\u0131n\u0131r.<\/p>\n<!-- \/wp:paragraph -->\n\n<!-- wp:paragraph -->\n<p>Ara\u00e7 i\u00e7in \u00f6denecek \u00fcst s\u0131n\u0131r sigortal\u0131n\u0131n ibraz edece\u011fi araca ait al\u0131m faturas\u0131n\u0131n iskontolu ve KDV eklenmi\u015f nihai tutar\u0131na T\u00dc\u0130K Toptan E\u015fya Fiyat Endeksi uygulanarak belirlenir ve \u00f6denecek tazminat de\u011feri hi\u00e7bir \u015fekilde bu s\u0131n\u0131r\u0131 a\u015famaz. Arac\u0131n tam hasarl\u0131 say\u0131labilmesi i\u00e7in \u00e7al\u0131nm\u0131\u015f olmas\u0131 veya hasar onar\u0131m bedelinin, hasar tarihindeki yeni anahtar teslim fiyat\u0131n\u0131n % 85\u2019ini a\u015fmas\u0131 gereklidir.<\/p>\n<!-- \/wp:paragraph -->\n\n<!-- wp:paragraph -->\n<p>Yukar\u0131da belirtilen \u015fartlar\u0131n aksine bir durum s\u00f6z konusu olmas\u0131 halinde kloz h\u00fck\u00fcmleri ge\u00e7ersiz olup genel h\u00fck\u00fcmler tatbik edilir.<\/p>\n<!-- \/wp:paragraph -->\n\n<!-- wp:paragraph -->\n<p><strong>\u0130kame Kiral\u0131k Ara\u00e7 Teminat\u0131<\/strong><br>Poli\u00e7e s\u00fcresi i\u00e7inde kasko poli\u00e7e teminat\u0131na giren hasar neticesi 24 saatten fazla tamirhanede kalmas\u0131 gereken araca eksper ve tamirci aras\u0131nda sa\u011flanan mutabakatla rent a car hizmeti verilir. Eksper onay\u0131 ile trafikte emniyetli s\u00fcr\u00fc\u015fe engel te\u015fkil etmedi\u011fi belirlenen hasarlar i\u00e7in (kaporta, karoseri, tampon \u00fczerindeki \u00e7izikler, g\u00f6\u00e7\u00fckler gibi) ikame ara\u00e7 hizmeti verilmez. \u0130kame ara\u00e7 teminat\u0131 k\u0131smi hasarlar i\u00e7in ge\u00e7erli olup yanma, \u00e7al\u0131nma hasarlar\u0131 ve tam hasarlar teminat kapsam\u0131 d\u0131\u015f\u0131ndad\u0131r. (\u0130kame ara\u00e7 hususi oto olarak verilir.)<\/p>\n<!-- \/wp:paragraph -->\n\n<!-- wp:paragraph -->\n<p><strong>Kaskoda Eskime Pay\u0131 D\u00fc\u015f\u00fclm\u00fcyor<\/strong><br>HDI Sigorta, 10 ya\u015f\u0131na kadar olan ve t\u00fcm kullan\u0131m tarzlar\u0131na d\u00e2hil ara\u00e7larda hasar g\u00f6ren par\u00e7an\u0131n yerine yenisi tak\u0131lmas\u0131 durumunda, arac\u0131n kazand\u0131\u011f\u0131 de\u011fere kar\u015f\u0131l\u0131k gelen hasar \u00f6demesinde kesinti yapmaz.<\/p>\n<!-- \/wp:paragraph -->\n\n<!-- wp:paragraph -->\n<p><strong>Hasarda \u0130kame Primi Al\u0131nm\u0131yor<\/strong><br>HDI Sigorta taraf\u0131ndan hasar sonras\u0131 eksilen rayi\u00e7 de\u011fer, hasar ek belgesi d\u00fczenlenmeksizin otomatik olarak eski seviyesine y\u00fckseltilir. (Aksesuar, ses ve g\u00f6r\u00fcnt\u00fc cihazlar\u0131 vb. hari\u00e7)<\/p>\n<!-- \/wp:paragraph -->\n\n<!-- wp:paragraph -->\n<p><strong>Hasars\u0131zl\u0131k \u0130ndirimi Bozulmaz<\/strong><\/p>\n<!-- \/wp:paragraph -->\n\n<!-- wp:list -->\n<ul><!-- wp:list-item -->\n<li>Poli\u00e7e vadesi s\u00fcresince bir kereye mahsus olmak \u00fczere radyo-teyp \u00e7al\u0131nmas\u0131, cam, far, ayna k\u0131r\u0131lmas\u0131, anahtar kayb\u0131 ya da ki\u015fisel e\u015fya hasarlar\u0131ndan birinin ger\u00e7ekle\u015fmesi durumunda hasars\u0131zl\u0131k indirim hakk\u0131 kaybolmaz.<\/li>\n<!-- \/wp:list-item -->\n\n<!-- wp:list-item -->\n<li>%100 r\u00fcculu hasarlarda hasars\u0131zl\u0131k indirim hakk\u0131 kaybolmaz.<\/li>\n<!-- \/wp:list-item -->\n\n<!-- wp:list-item -->\n<li>\u015eirketimizde veya ba\u015fka bir sigorta \u015firketinde sona eren kasko poli\u00e7esini zaman\u0131nda yenileyemeyen ara\u00e7 sahiplerine azami 6 aya kadar bir \u00fcst kademe hasars\u0131zl\u0131k indirimi uygulan\u0131r.<\/li>\n<!-- \/wp:list-item --><\/ul>\n<!-- \/wp:list -->\n\n<!-- wp:paragraph -->\n<p><strong>Anla\u015fmal\u0131 Servisler<\/strong><br>HDI Sigorta ihtiya\u00e7 duydu\u011funuzda hemen yan\u0131n\u0131zda! T\u00fcrkiye\u2019nin her noktas\u0131ndaki anla\u015fmal\u0131 servisleriyle, kaza yapm\u0131\u015f ara\u00e7 hi\u00e7 bekletilmeden tamir edilip \u00fccret al\u0131nmadan teslim edilir.<\/p>\n<!-- \/wp:paragraph -->\n\n<!-- wp:paragraph -->\n<p><strong>HDI Mini Tamir Hizmeti (Geni\u015fletilmi\u015f ve Dar Kasko i\u00e7in ge\u00e7erlidir)<\/strong><br>HDI Sigortada, arac\u0131n\u0131zda 1 y\u0131l boyunca olu\u015fabilecek k\u00fc\u00e7\u00fck \u00f6l\u00e7ekli hasarlar, a\u015fa\u011f\u0131da yaz\u0131l\u0131 \u00f6l\u00e7\u00fcsel ve adetsel limitler \u00e7er\u00e7evesinde bedelsiz olarak giderilir. Bu teminattan yararlan\u0131lmas\u0131 halinde hasars\u0131zl\u0131k indirimi bozulmaz.<\/p>\n<!-- \/wp:paragraph -->\n\n<!-- wp:paragraph -->\n<p><strong>Hukuksal Koruma Teminat\u0131<\/strong><br>Hukuksal Koruma Sigortas\u0131 Genel ve \u00d6zel \u015eartlar\u0131 kapsam\u0131nda, (A.2.1) Motorlu Araca Ba\u011fl\u0131 Hukuksal Koruma ve (A.2.2) S\u00fcr\u00fcc\u00fc Hukuksal Koruma teminatlar\u0131yla s\u0131n\u0131rl\u0131 olarak arac\u0131n kullan\u0131lmas\u0131ndan do\u011fabilecek herhangi bir uyu\u015fmazl\u0131k sebebiyle s\u00f6z konusu olacak harcamalar, azami poli\u00e7ede belirtilen limite kadar teminat alt\u0131na al\u0131n\u0131r.<\/p>\n<!-- \/wp:paragraph -->\n\n<!-- wp:paragraph -->\n<p><strong>Ferdi Kaza Koltuk Teminat\u0131<\/strong><br>HDI Sigorta, ara\u00e7ta seyahat eden s\u00fcr\u00fcc\u00fc ve yolcular\u0131, bir kaza sonucu maruz kalacaklar\u0131 vefat ve daim\u00ee maluliyet hallerine kar\u015f\u0131, poli\u00e7ede belirtilen azami sigorta bedeline kadar teminat kapsam\u0131na al\u0131r.<\/p>\n<!-- \/wp:paragraph -->\n\n<!-- wp:paragraph -->\n<p>Poli\u00e7ede ayr\u0131ca belirtilmek \u015fart\u0131 ile:<\/p>\n<!-- \/wp:paragraph -->\n\n<!-- wp:list -->\n<ul><!-- wp:list-item -->\n<li>Teminat kapsam\u0131na giren bir kaza neticesinde sigortal\u0131n\u0131n tedavi masraflar\u0131,<\/li>\n<!-- \/wp:list-item -->\n\n<!-- wp:list-item -->\n<li>Deprem, sel, yanarda\u011f p\u00fcsk\u00fcrmesi ve yer kaymas\u0131 sebebiyle sigortal\u0131n\u0131n u\u011frayaca\u011f\u0131 bedensel zararlar teminat kapsam\u0131na al\u0131nabilir.<\/li>\n<!-- \/wp:list-item --><\/ul>\n<!-- \/wp:list -->\n\n<!-- wp:paragraph -->\n<p><strong>\u0130htiyari Mali Mesuliyet Teminat\u0131<\/strong><br>HDI Sigorta, arac\u0131n kullan\u0131lmas\u0131ndan do\u011fan ve Karayollar\u0131 Trafik Kanunu\u2019na ve Umumi H\u00fck\u00fcmlere g\u00f6re arac\u0131n i\u015fletenine terett\u00fcp eden hukuki sorumlulu\u011fu ve poli\u00e7ede teminat kapsam\u0131nda olmak \u015fart\u0131yla Zorunlu Mali Sorumluluk Sigortas\u0131 teminat limitlerinin \u00fczerinde kalan k\u0131sm\u0131n\u0131, poli\u00e7ede yaz\u0131l\u0131 hadlere kadar temin eder. Sigorta T\u00fcrkiye s\u0131n\u0131rlar\u0131 i\u00e7erisinde ge\u00e7erlidir.<\/p>\n<!-- \/wp:paragraph -->\n\n<!-- wp:paragraph -->\n<p><strong>Yurt i\u00e7i Ta\u015f\u0131y\u0131c\u0131 Sorumluluk Sigortas\u0131<\/strong><br>HDI Sigorta, Emtia Nakliyat Sigortas\u0131 Genel \u015eartlar\u0131 kapsam\u0131nda y\u00fck ta\u015f\u0131maya mahsus ara\u00e7lara iste\u011fe ba\u011fl\u0131 olarak verilebilecek yurt i\u00e7i ta\u015f\u0131y\u0131c\u0131 sorumluluk teminat\u0131n\u0131 (kamyon klozu), a\u015fa\u011f\u0131da say\u0131lan rizikolar sonucunda, ta\u015f\u0131y\u0131c\u0131n\u0131n 3. \u015fah\u0131slara kar\u015f\u0131 olan hukuki sorumlulu\u011funu teminat alt\u0131na al\u0131r.<\/p>\n<!-- \/wp:paragraph -->\n\n<!-- wp:paragraph -->\n<p>Deniz yoluyla yap\u0131lacak Emtia Nakliyat\u0131na Mahsus Umumi \u015eartlar\u0131n 1, 8, 17, 18, 19, 20. maddeleri kald\u0131r\u0131lmak ve kamyon ve\/veya treylerle yap\u0131lacak sevkiyata kabili tatbik olan h\u00fck\u00fcmleri sakl\u0131 kalmak kayd\u0131yla ate\u015f, y\u0131ld\u0131r\u0131m, seylap, dere ta\u015fmas\u0131, \u00e7\u0131\u011f, toprak ve da\u011f heyelan\u0131, k\u00f6pr\u00fc y\u0131k\u0131lmas\u0131, yollar\u0131n \u00e7\u00f6kmesi ve kamyon veya treylerin devrilmesi, yanmas\u0131, \u00e7arpmas\u0131 ve \u00e7arp\u0131\u015fmas\u0131 neticesinde ta\u015f\u0131nan mal\u0131n u\u011frayaca\u011f\u0131 ziyan ve hasarlar\u0131 temin eder.<\/p>\n<!-- \/wp:paragraph -->\n\n<!-- wp:paragraph -->\n<p><strong>S.O.S Acil Sa\u011fl\u0131k Hizmeti<\/strong><br>HDI Sigorta, Birle\u015fik Kasko Sigortas\u0131 kapsam\u0131nda sigortal\u0131ya, iste\u011fe ba\u011fl\u0131 olarak da e\u015fi ve \u00e7ocuklar\u0131na, kaza ve acil hastal\u0131k durumlar\u0131nda, g\u00fcn\u00fcn 24 saati s\u0131n\u0131rs\u0131z t\u0131bbi dan\u0131\u015fmanl\u0131k, ambulans hizmeti, yatarak tedavi olmak \u015fart\u0131yla ameliyat ve oda giderleri gibi hastane masraflar\u0131n\u0131 kar\u015f\u0131layan \u00f6nemli bir g\u00fcvence sunar.<\/p>\n<!-- \/wp:paragraph -->\n\n<!-- wp:heading {\"level\":4} -->\n<h4 class=\"wp-block-heading\"><strong>Kaskosuza Dar Kapsaml\u0131 Kasko<\/strong><\/h4>\n<!-- \/wp:heading -->\n\n<!-- wp:paragraph -->\n<p>Eski ya da yeni model fark etmeden her ya\u015ftaki otomobiliniz\/kamyonetiniz i\u00e7in, trafik poli\u00e7esinde 2 y\u0131l ve \u00fczeri hasars\u0131zl\u0131k indiriminiz varsa (6. veya 7. basamak) size \u00f6zel bir ekonomik kasko sunuyoruz.<\/p>\n<!-- \/wp:paragraph -->\n\n<!-- wp:paragraph -->\n<p>Bu teminat kapsam\u0131nda se\u00e7meli olarak poli\u00e7elerde belirtilen&nbsp;limitlerle, sahibi oldu\u011funuz arac\u0131n:<\/p>\n<!-- \/wp:paragraph -->\n\n<!-- wp:list -->\n<ul><!-- wp:list-item -->\n<li>\u00c7arpma, \u00e7arp\u0131lma, \u00e7arp\u0131\u015fmas\u0131 (kaza tespit tutana\u011f\u0131 veya zab\u0131t d\u00fczenlenmi\u015f)<\/li>\n<!-- \/wp:list-item -->\n\n<!-- wp:list-item -->\n<li>\u00c7al\u0131nmas\u0131<\/li>\n<!-- \/wp:list-item -->\n\n<!-- wp:list-item -->\n<li>Yanmas\u0131<\/li>\n<!-- \/wp:list-item -->\n\n<!-- wp:list-item -->\n<li>Deprem (muafiyetsiz)<\/li>\n<!-- \/wp:list-item -->\n\n<!-- wp:list-item -->\n<li>Sel (muafiyetsiz)<\/li>\n<!-- \/wp:list-item -->\n\n<!-- wp:list-item -->\n<li>Ter\u00f6r<\/li>\n<!-- \/wp:list-item -->\n\n<!-- wp:list-item -->\n<li>Koltuk Ferdi Kaza<\/li>\n<!-- \/wp:list-item -->\n\n<!-- wp:list-item -->\n<li>\u0130htiyari Mali Mesuliyet teminatlar\u0131 dahilinde u\u011frayaca\u011f\u0131 hasarlar sigorta edilir.<\/li>\n<!-- \/wp:list-item --><\/ul>\n<!-- \/wp:list -->\n\n<!-- wp:heading {\"level\":4} -->\n<h4 class=\"wp-block-heading\"><strong>Dar Kapsaml\u0131 Kasko<\/strong><\/h4>\n<!-- \/wp:heading -->\n\n<!-- wp:paragraph -->\n<p>Dar Kapsaml\u0131 Kasko Poli\u00e7esi kapsam\u0131nda, \u201cBen fazla trafi\u011fe \u00e7\u0131kmam, \u00e7\u0131ksam da dikkatli kullan\u0131r\u0131m, arac\u0131m\u0131 kolay kolay \u00e7arpmam\u201d diyen sigortal\u0131lar i\u00e7in, son derece uygun fiyatlarla kasko poli\u00e7esi sunuyoruz.&nbsp;Bu teminat kapsam\u0131nda sigortal\u0131 arac\u0131n yanmas\u0131, \u00e7al\u0131nmas\u0131, grev, lokavt, halk hareketleri, ter\u00f6r, deprem ve di\u011fer do\u011fal afetler, sel ve su bask\u0131n\u0131 sebepleri ile u\u011frayaca\u011f\u0131 hasarlar sigorta edilir.<\/p>\n<!-- \/wp:paragraph -->\n\n<!-- wp:paragraph -->\n<p><strong>Kendine G\u00fcvenenlerin Kasko Poli\u00e7esi (Dar Kapsaml\u0131)<\/strong><\/p>\n<!-- \/wp:paragraph -->\n\n<!-- wp:list -->\n<ul><!-- wp:list-item -->\n<li>Eski model arac\u0131na sigorta yapt\u0131ramayan ki\u015filer i\u00e7inde ideal bir sigortad\u0131r.<\/li>\n<!-- \/wp:list-item -->\n\n<!-- wp:list-item -->\n<li>Dar Kapsaml\u0131 Kasko Poli\u00e7esi\u2019nden, 1990 y\u0131l\u0131ndan itibaren hususi ve kamyonet kullan\u0131m tarz\u0131nda, de\u011feri 5.000 \u2013 50.000 TL\u2019sini a\u015fmayan t\u00fcm ara\u00e7lar yararlanabilir.<\/li>\n<!-- \/wp:list-item -->\n\n<!-- wp:list-item -->\n<li>Poli\u00e7eye trafik poli\u00e7esi \u00fczerinde kay\u0131tl\u0131 hasars\u0131zl\u0131k indirimi oran\u0131 kadar \u00f6zel indirim uygulanmaktad\u0131r.<\/li>\n<!-- \/wp:list-item -->\n\n<!-- wp:list-item -->\n<li>\u015eirketimizden dar kapsaml\u0131 kasko yapt\u0131ran ve hasar\u0131 olmayan sigortal\u0131lara, 1 y\u0131l sonra poli\u00e7elerini \u201cGeni\u015fletilmi\u015f Kasko\u201d olarak yenilemeleri halinde 1. kademe hasars\u0131zl\u0131k indirimi uygulan\u0131r.<\/li>\n<!-- \/wp:list-item -->\n\n<!-- wp:list-item -->\n<li>Dar Kapsaml\u0131 Kasko Poli\u00e7esi tek ba\u015f\u0131na al\u0131nabilece\u011fi gibi S\u00fcper Destek Trafik Poli\u00e7esi ile birlikte bir paket halinde de al\u0131nabilir.<\/li>\n<!-- \/wp:list-item -->\n\n<!-- wp:list-item -->\n<li>Dar Kapsaml\u0131 Kasko Poli\u00e7esi sat\u0131n alan sigortal\u0131n\u0131n k\u00fc\u00e7\u00fck \u00f6l\u00e7ekli \u00e7arpma hasarlar\u0131 da Mini Tamir Hizmetleri kapsam\u0131nda kar\u015f\u0131lan\u0131r. Ayr\u0131ca Acil Sa\u011fl\u0131k Hizmetleri teminat\u0131 da hem sigortal\u0131 hem de yak\u0131nlar\u0131 i\u00e7in geni\u015f kapsaml\u0131 olarak sunulur.<\/li>\n<!-- \/wp:list-item --><\/ul>\n<!-- \/wp:list -->\n\n<!-- wp:paragraph -->\n<p><strong>Mini Tamir Hizmeti<\/strong><br>Sigortal\u0131 ta\u015f\u0131tta d\u0131\u015f darbeler sonucu meydana gelebilecek k\u00fc\u00e7\u00fck \u00f6l\u00e7ekli hasarlar, Mini Tamir Servis Merkezleri\u2019nde bedelsiz olarak giderilir. Mini Tamir Hizmeti\u2019nin kullan\u0131lmas\u0131 sadece beyana dayal\u0131 olup hasarla ilgili evrak gerektirmez, hasar dosyas\u0131 a\u00e7\u0131lmaz. Ayr\u0131ca bu hizmetten sigortal\u0131 arac\u0131n zarar verdi\u011fi ara\u00e7 da yararlanabilir.<\/p>\n<!-- \/wp:paragraph -->\n\n<!-- wp:paragraph -->\n<p><strong>S.O.S Acil Sa\u011fl\u0131k Hizmeti<\/strong><br>HDI Sigorta, Birle\u015fik Kasko Sigortas\u0131\u2019nda sigortal\u0131ya, iste\u011fe ba\u011fl\u0131 olarak da e\u015fi ve \u00e7ocuklar\u0131na, kaza ve acil hastal\u0131k durumlar\u0131nda, g\u00fcn\u00fcn 24 saati s\u0131n\u0131rs\u0131z t\u0131bbi dan\u0131\u015fmal\u0131k, ambulans hizmeti, yatarak tedavi olmak \u015fart\u0131yla ameliyat ve oda giderleri gibi hastane masraflar\u0131n\u0131 kar\u015f\u0131layan \u00f6nemli bir g\u00fcvence sunar.<\/p>\n<!-- \/wp:paragraph -->\t\t\t\t\t\t<\/div>\n\t\t\t\t<\/div>\n\t\t\t\t\t<\/div>\n\t\t\t\t<\/div>\n\t\t\t\t\t<\/div>\n\t\t<\/div>\n\t\t\t\t<div class=\"elementor-column elementor-col-50 elementor-top-column elementor-element elementor-element-75534d4c\" data-id=\"75534d4c\" data-element_type=\"column\">\n\t\t\t<div class=\"elementor-widget-wrap elementor-element-populated\">\n\t\t\t\t\t\t<div class=\"elementor-element elementor-element-55c062c9 elementor-widget elementor-widget-sidebar\" data-id=\"55c062c9\" data-element_type=\"widget\" data-widget_type=\"sidebar.default\">\n\t\t\t\t<div class=\"elementor-widget-container\">\n\t\t\t<li id=\"block-7\" class=\"widget widget_block\">\n<div class=\"wp-block-group has-background is-vertical is-content-justification-center is-layout-flex wp-container-core-group-is-layout-4b2eccd6 wp-block-group-is-layout-flex\" style=\"background-color:#028639\"><div class=\"wp-block-image\">\n<figure class=\"aligncenter size-large is-resized\"><img fetchpriority=\"high\" decoding=\"async\" fetchpriority=\"high\" width=\"745\" height=\"1024\" src=\"https:\/\/pro2.acentemjet.com.tr\/wp-content\/uploads\/2024\/04\/transparent-ui-icon-pin-icon-location-icon-5df084a487e478.7119334115760436845566-745x1024.png\" alt=\"\" class=\"wp-image-67\" style=\"width:91px;height:auto\" srcset=\"https:\/\/pro2.acentemjet.com.tr\/wp-content\/uploads\/2024\/04\/transparent-ui-icon-pin-icon-location-icon-5df084a487e478.7119334115760436845566-745x1024.png 745w, https:\/\/pro2.acentemjet.com.tr\/wp-content\/uploads\/2024\/04\/transparent-ui-icon-pin-icon-location-icon-5df084a487e478.7119334115760436845566-218x300.png 218w, https:\/\/pro2.acentemjet.com.tr\/wp-content\/uploads\/2024\/04\/transparent-ui-icon-pin-icon-location-icon-5df084a487e478.7119334115760436845566-768x1056.png 768w, https:\/\/pro2.acentemjet.com.tr\/wp-content\/uploads\/2024\/04\/transparent-ui-icon-pin-icon-location-icon-5df084a487e478.7119334115760436845566.png 950w\" sizes=\"(max-width: 745px) 100vw, 745px\" \/><\/figure>\n<\/div><\/div>\n<\/li>\n<li id=\"block-9\" class=\"widget widget_block\"><!DOCTYPE html>\n<html lang=\"en\">\n<head>\n<meta charset=\"UTF-8\">\n<meta name=\"viewport\" content=\"width=device-width, initial-scale=1.0\">\n<title>Arka Planl\u0131 Div<\/title>\n<style>\n    .background-div {\n        background-color: #028639;\n        padding: 20px;\n        text-align: center;\n    }\n    .position-img {\n        margin-bottom: 20px;\n    }\n    select {\n        width: 100%;\n        padding: 10px;\n        margin-bottom: 20px;\n    }\n    .btn {\n        background-color: rgba(0, 0, 0, 0.5);\n        color: white;\n        padding: 10px 20px;\n        border: none;\n        border-radius: 5px;\n        cursor: pointer;\n        transition: background-color 0.3s ease;\n    }\n    .btn:hover {\n        background-color: rgba(0, 0, 0, 0.7);\n    }\n    .btn-dark {\n        background-color: rgba(0, 0, 0, 0.9);\n    }\n<\/style>\n<\/head>\n<body>\n<div class=\"background-div\">\n    \n    <select name=\"ctl00$MainContent$DropDownList1\" onchange=\"javascript:setTimeout('__doPostBack(\\'ctl00$MainContent$DropDownList1\\',\\'\\')', 0)\" id=\"MainContent_DropDownList1\" class=\"styled-select auto-style12\">\n        <option selected=\"selected\" value=\"-1\">Sigorta T\u00fcr\u00fcn\u00fc Se\u00e7iniz<\/option>\n        <option value=\"1\">Kasko<\/option>\n        <option value=\"2\">Trafik Sigortas\u0131<\/option>\n        <option value=\"3\">Seyahat Sigortas\u0131<\/option>\n        <option value=\"4\">Konut Sigortas\u0131<\/option>\n        <option value=\"5\">Tamamlay\u0131c\u0131 Sa\u011fl\u0131k<\/option>\n        <option value=\"6\">\u0130\u015fyeri Sigortas\u0131<\/option>\n        <option value=\"7\">Sa\u011fl\u0131k Sigortas\u0131<\/option>\n        <option value=\"8\">Dask<\/option>\n        <option value=\"9\">Bireysel Emeklilik<\/option>\n    <\/select>\n    <button class=\"btn\">TEKL\u0130F AL<\/button><br><br>\n    <button class=\"btn btn-dark\">POL\u0130\u00c7E HATIRLAT<\/button>\n<\/div>\n<\/body>\n<\/html><\/li>\n<li id=\"block-12\" class=\"widget widget_block\">\n<figure class=\"wp-block-pullquote\"><blockquote><p><strong>H\u0130ZMETLER\u0130M\u0130Z<\/strong><\/p><\/blockquote><\/figure>\n<\/li>\n<li id=\"block-11\" class=\"widget widget_block\"><div ><style id=\"sp_pcp_dynamic_style195\">#pcp_wrapper-195 .sp-pcp-row{ margin-right: -10px;margin-left: -10px;}#pcp_wrapper-195 .sp-pcp-row [class*='sp-pcp-col-']{padding-right: 10px;padding-left: 10px;padding-bottom: 20px;}.pcp-wrapper-195 .sp-pcp-title a {color: #111;display: inherit;} .pcp-wrapper-195 .sp-pcp-title a:hover {color: #e1624b;}.pcp-wrapper-195 .sp-pcp-post-content{color: #444; }#pcp_wrapper-195 .dots .swiper-pagination-bullet{ background: #cccccc; } #pcp_wrapper-195 .dots .swiper-pagination-bullet-active { background: #D64224; }#pcp_wrapper-195 .pcp-button-prev,#pcp_wrapper-195 .pcp-button-next{ background-image: none; background-size: auto; background-color: #fff; height: 33px; width: 33px; margin-top: 8px; border: 1px solid #aaa; text-align: center; line-height: 30px; -webkit-transition: 0.3s; }#pcp_wrapper-195 .pcp-button-prev:hover, #pcp_wrapper-195 .pcp-button-next:hover{ background-color: #D64224; border-color: #D64224; } #pcp_wrapper-195 .pcp-button-prev .fa, #pcp_wrapper-195 .pcp-button-next .fa { color: #aaa; } #pcp_wrapper-195 .pcp-button-prev:hover .fa, #pcp_wrapper-195 .pcp-button-next:hover .fa { color: #fff; } #pcp_wrapper-195.pcp-carousel-wrapper .sp-pcp-post{ margin-top: 0; }#pcp_wrapper-195 .sp-pcp-post {padding: 0 0 0 0;}#pcp_wrapper-195 .sp-pcp-post {border: 0px solid #e2e2e2;}#pcp_wrapper-195 .sp-pcp-post {border-radius: 0px;}#pcp_wrapper-195 .sp-pcp-post{background-color: transparent;}.pcp-wrapper-195 .sp-pcp-post-meta li,.pcp-wrapper-195 .sp-pcp-post-meta ul,.pcp-wrapper-195 .sp-pcp-post-meta li a{color: #888;}.pcp-wrapper-195 .sp-pcp-post-meta li a:hover{color: #e1624b;}#pcp_wrapper-195 .pcp-readmore-link{ background: transparent; color: #111; border-color: #888; } #pcp_wrapper-195 .pcp-readmore-link:hover { background: #e1624b; color: #fff; border-color: #e1624b; }#pcp_wrapper-195 .pcp-post-pagination .page-numbers.current, #pcp_wrapper-195 .pcp-post-pagination a.active , #pcp_wrapper-195 .pcp-post-pagination a:hover{ color: #ffffff; background: #e1624b; border-color: #e1624b; }#pcp_wrapper-195 .pcp-post-pagination .page-numbers, .pcp-post-pagination a{ background: #ffffff; color:#5e5e5e; border-color: #bbbbbb; }<\/style><!-- Markup Starts -->\n<div id=\"pcp_wrapper-195\" class=\"sp-pcp-section sp-pcp-container pcp-wrapper-195 pcp-carousel-wrapper standard\" data-sid=\"195\">\n\t<div id=\"sp-pcp-id-195\" class=\"swiper-container sp-pcp-carousel top_right\" dir=\"ltr\" data-carousel='{ \"speed\":600, \"items\":1, \"spaceBetween\":20, \"navigation\":true, \"pagination\": true, \"autoplay\": true, \"autoplay_speed\": 4000, \"loop\": true, \"autoHeight\": false, \"lazy\":  true, \"simulateTouch\": true, \"freeMode\": false, \"slider_mouse_wheel\": false,\"allowTouchMove\": true, \"slidesPerView\": {\"lg_desktop\": 1, \"desktop\": 1, \"tablet\": 1, \"mobile_landscape\": 1, \"mobile\": 1}, \"navigation_mobile\": true, \"pagination_mobile\": true, \"stop_onHover\": true, \"enabled\": true, \"prevSlideMessage\": \"Previous slide\", \"nextSlideMessage\": \"Next slide\", \"firstSlideMessage\": \"This is the first slide\", \"lastSlideMessage\": \"This is the last slide\", \"keyboard\": \"true\", \"paginationBulletMessage\": \"Go to slide {{index}}\" }'>\n\t\t\t<div class=\"swiper-wrapper\">\n\t\t\t\t\t\t<div class=\" swiper-slide swiper-lazy\">\n\t\t\t<div class=\"sp-pcp-post pcp-item-419\" data-id=\"419\">\n\t\t\t\t\t\t\t<h2 class=\"sp-pcp-title\">\n\t\t\t\t\t\t\t\t\t<a href=\"https:\/\/pro2.acentemjet.com.tr\/index.php\/2024\/04\/18\/seyahat-saglik-sigortasi\/\"  target=\"_self\">Seyahat Sa\u011fl\u0131k Sigortas\u0131<\/a>\t\t\t\t\t\t\t<\/h2>\n\t\t\t\t\t\t<div class=\"sp-pcp-post-content\">\n\t\t\t<p>Seyahat sa\u011fl\u0131k sigortas\u0131 ula\u015f\u0131m yollar\u0131ndan herhangi birisini kullanarak yurt i\u00e7inde, yurt d\u0131\u015f\u0131na veya yurt d\u0131\u015f\u0131ndan \u00fclkemize seyahat edenleri, seyahatleri esnas\u0131nda kar\u015f\u0131la\u015fabilecekleri sa\u011fl\u0131k risklerine kar\u015f\u0131 koruyan bir \u00f6zel sigorta t\u00fcr\u00fcd\u00fcr.&nbsp; Sigortac\u0131, seyahat s\u0131ras\u0131nda poli\u00e7enin ge\u00e7erlilik tarihleri aras\u0131nda meydana gelen bir kaza veya \u00f6nceden mevcut bir duruma ba\u011fl\u0131 olmayan hastal\u0131k hali sonucunda, planlanan seyahat s\u00fcresi d\u0131\u015f\u0131nda meydana [&hellip;]<\/p>\n\t\t<div class=\"sp-pcp-readmore\">\n\t\t\t\t\t\t\t<a class=\"pcp-readmore-link\" target=\"_self\" href=\"https:\/\/pro2.acentemjet.com.tr\/index.php\/2024\/04\/18\/seyahat-saglik-sigortasi\/\" >\n\t\t\t\t\t\tDevam\u0131n\u0131 Oku <\/a>\n\t\t<\/div>\n\t\t\t\t\t<\/div>\n\t\t\t\t\t\t<\/div>\n\t\t<\/div>\n\t\t\t\t<div class=\" swiper-slide swiper-lazy\">\n\t\t\t<div class=\"sp-pcp-post pcp-item-417\" data-id=\"417\">\n\t\t\t\t\t\t\t<h2 class=\"sp-pcp-title\">\n\t\t\t\t\t\t\t\t\t<a href=\"https:\/\/pro2.acentemjet.com.tr\/index.php\/2024\/04\/18\/saglik-sigortasi-2\/\"  target=\"_self\">Sa\u011fl\u0131k Sigortas\u0131<\/a>\t\t\t\t\t\t\t<\/h2>\n\t\t\t\t\t\t<div class=\"sp-pcp-post-content\">\n\t\t\t<p>Sa\u011fl\u0131\u011f\u0131n\u0131z Do\u011fa Sigorta ile g\u00fcvende\u2026 Do\u011fru Ad\u0131m Tamamlay\u0131c\u0131 Sa\u011fl\u0131k Sigortas\u0131 nas\u0131l kullan\u0131l\u0131r? Do\u011fa Sigorta Tamamlay\u0131c\u0131 Sa\u011fl\u0131k Sigortas\u0131, sizin ve ailenizin beklenmedik sa\u011fl\u0131k sorunlar\u0131nda hem SGK hem de Do\u011fa Sigorta ile anla\u015fmal\u0131 \u00f6zel hastanelerdeki fark \u00fccretlerinizi b\u00fct\u00e7enize uygun primlerle g\u00fcvence alt\u0131na al\u0131r. Yabanc\u0131 Uyruklulara \u00d6zel &#8216;Turuncu Sa\u011fl\u0131k Sigortas\u0131&#8217; Yabanc\u0131 uyruklu (T.C. vatanda\u015f\u0131 olmayan) ki\u015filerin k\u0131sa d\u00f6nem [&hellip;]<\/p>\n\t\t<div class=\"sp-pcp-readmore\">\n\t\t\t\t\t\t\t<a class=\"pcp-readmore-link\" target=\"_self\" href=\"https:\/\/pro2.acentemjet.com.tr\/index.php\/2024\/04\/18\/saglik-sigortasi-2\/\" >\n\t\t\t\t\t\tDevam\u0131n\u0131 Oku <\/a>\n\t\t<\/div>\n\t\t\t\t\t<\/div>\n\t\t\t\t\t\t<\/div>\n\t\t<\/div>\n\t\t\t\t<div class=\" swiper-slide swiper-lazy\">\n\t\t\t<div class=\"sp-pcp-post pcp-item-415\" data-id=\"415\">\n\t\t\t\t\t\t\t<h2 class=\"sp-pcp-title\">\n\t\t\t\t\t\t\t\t\t<a href=\"https:\/\/pro2.acentemjet.com.tr\/index.php\/2024\/04\/18\/sorumluluk-sigortasi-2\/\"  target=\"_self\">Sorumluluk Sigortas\u0131<\/a>\t\t\t\t\t\t\t<\/h2>\n\t\t\t\t\t\t<div class=\"sp-pcp-post-content\">\n\t\t\t<p>Zorunlu Yolcu Ta\u015f\u0131mac\u0131l\u0131k Mali Sorumluluk Bu sigorta, yurti\u00e7i ve uluslararas\u0131 yolcu ta\u015f\u0131mac\u0131l\u0131\u011f\u0131 kapsam\u0131nda seyahat eden yolcular\u0131, s\u00fcr\u00fcc\u00fcleri ve yard\u0131mc\u0131lar\u0131n\u0131, ta\u015f\u0131mac\u0131l\u0131k hizmetinin ba\u015flang\u0131c\u0131ndan bitimine kadar ge\u00e7en seyahat s\u00fcresi i\u00e7inde, duraklamalar da dahil olmak \u00fczere, maruz kalacaklar\u0131 her t\u00fcrl\u00fc kazalar\u0131n neticelerine kar\u015f\u0131 a\u015fa\u011f\u0131daki \u015fartlar \u00e7er\u00e7evesinde teminat alt\u0131na al\u0131r.&nbsp; Maden \u00c7al\u0131\u015fanlar\u0131 Zorunlu Ferdi Kaza Sigortas\u0131 Yer alt\u0131 ve [&hellip;]<\/p>\n\t\t<div class=\"sp-pcp-readmore\">\n\t\t\t\t\t\t\t<a class=\"pcp-readmore-link\" target=\"_self\" href=\"https:\/\/pro2.acentemjet.com.tr\/index.php\/2024\/04\/18\/sorumluluk-sigortasi-2\/\" >\n\t\t\t\t\t\tDevam\u0131n\u0131 Oku <\/a>\n\t\t<\/div>\n\t\t\t\t\t<\/div>\n\t\t\t\t\t\t<\/div>\n\t\t<\/div>\n\t\t\t\t<div class=\" swiper-slide swiper-lazy\">\n\t\t\t<div class=\"sp-pcp-post pcp-item-413\" data-id=\"413\">\n\t\t\t\t\t\t\t<h2 class=\"sp-pcp-title\">\n\t\t\t\t\t\t\t\t\t<a href=\"https:\/\/pro2.acentemjet.com.tr\/index.php\/2024\/04\/18\/nakliyat-sigortasi-2\/\"  target=\"_self\">Nakliyat Sigortas\u0131<\/a>\t\t\t\t\t\t\t<\/h2>\n\t\t\t\t\t\t<div class=\"sp-pcp-post-content\">\n\t\t\t<p>Sahibi bulundu\u011funuz mallar\u0131n, \u00e7e\u015fitli nakil vas\u0131talar\u0131 ile bir yerden di\u011fer bir yere ta\u015f\u0131nmas\u0131, bu ta\u015f\u0131nma s\u0131ras\u0131nda da olu\u015fabilecek \u00e7e\u015fitli rizikolara kar\u015f\u0131 g\u00fcvence alt\u0131na al\u0131nmas\u0131 Emtia Nakliyat Sigortas\u0131 \u00fcr\u00fcn\u00fcm\u00fcz ile sa\u011flanmaktad\u0131r. Ayr\u0131ca, Sigortal\u0131 olarak sadece emtian\u0131z\u0131n de\u011ferini de\u011fil, &nbsp;navlun, sigorta \u00fccreti ve \u00f6ng\u00f6r\u00fclen kar gibi baz\u0131 ek giderleriniz de teminat alt\u0131na al\u0131nabilmektedir. Bu \u00fcr\u00fcn\u00fcm\u00fczde mal\u0131n\u0131z\u0131n g\u00fcvence [&hellip;]<\/p>\n\t\t<div class=\"sp-pcp-readmore\">\n\t\t\t\t\t\t\t<a class=\"pcp-readmore-link\" target=\"_self\" href=\"https:\/\/pro2.acentemjet.com.tr\/index.php\/2024\/04\/18\/nakliyat-sigortasi-2\/\" >\n\t\t\t\t\t\tDevam\u0131n\u0131 Oku <\/a>\n\t\t<\/div>\n\t\t\t\t\t<\/div>\n\t\t\t\t\t\t<\/div>\n\t\t<\/div>\n\t\t\t\t<div class=\" swiper-slide swiper-lazy\">\n\t\t\t<div class=\"sp-pcp-post pcp-item-411\" data-id=\"411\">\n\t\t\t\t\t\t\t<h2 class=\"sp-pcp-title\">\n\t\t\t\t\t\t\t\t\t<a href=\"https:\/\/pro2.acentemjet.com.tr\/index.php\/2024\/04\/18\/muhendislik-sigortasi-2\/\"  target=\"_self\">M\u00fchendislik Sigortas\u0131<\/a>\t\t\t\t\t\t\t<\/h2>\n\t\t\t\t\t\t<div class=\"sp-pcp-post-content\">\n\t\t\t<p>Do\u011fa&nbsp;M\u00fchendislik Sigortalar\u0131 ile projenizin ba\u015flang\u0131c\u0131ndan sonuna kadar \u00fcretimi aksatacak her t\u00fcrl\u00fc risk teminat kapsam\u0131nda g\u00fcvence alt\u0131na al\u0131n\u0131r. Makine K\u0131r\u0131lmas\u0131 Sigortas\u0131, Elektronik Cihaz Sigortas\u0131, \u0130n\u015faat All Risks Sigortas\u0131, Montaj All Risks Sigortas\u0131, Do\u011falgaz Tesisat Sigortas\u0131 \u00fcr\u00fcnlerimizle i\u015finizin aksamamas\u0131 i\u00e7in size \u00f6zel olanaklar sunuyoruz. Makine K\u0131r\u0131lmas\u0131 Sigorta Kapsam\u0131: Bu poli\u00e7e, imalat y\u0131llar\u0131, nitelikleri ve de\u011ferleri yaz\u0131l\u0131 makine [&hellip;]<\/p>\n\t\t<div class=\"sp-pcp-readmore\">\n\t\t\t\t\t\t\t<a class=\"pcp-readmore-link\" target=\"_self\" href=\"https:\/\/pro2.acentemjet.com.tr\/index.php\/2024\/04\/18\/muhendislik-sigortasi-2\/\" >\n\t\t\t\t\t\tDevam\u0131n\u0131 Oku <\/a>\n\t\t<\/div>\n\t\t\t\t\t<\/div>\n\t\t\t\t\t\t<\/div>\n\t\t<\/div>\n\t\t\t\t<div class=\" swiper-slide swiper-lazy\">\n\t\t\t<div class=\"sp-pcp-post pcp-item-409\" data-id=\"409\">\n\t\t\t\t\t\t\t<h2 class=\"sp-pcp-title\">\n\t\t\t\t\t\t\t\t\t<a href=\"https:\/\/pro2.acentemjet.com.tr\/index.php\/2024\/04\/18\/ferdi-kaza-sigortasi-2\/\"  target=\"_self\">Ferdi Kaza Sigortas\u0131<\/a>\t\t\t\t\t\t\t<\/h2>\n\t\t\t\t\t\t<div class=\"sp-pcp-post-content\">\n\t\t\t<p>Ferdi kaza sigortas\u0131, ani ve beklenmedik kazalar\u0131n sonu\u00e7lar\u0131na kar\u015f\u0131 a\u015fa\u011f\u0131daki risklere kar\u015f\u0131 g\u00fcvence sa\u011flar. Do\u011fal Destek Ferdi Kaza Sigortas\u0131 Atm Teminat\u0131 Sigortal\u0131n\u0131n ATM \u00fczerinde i\u015flem yaparken veya yapt\u0131ktan sonra ba\u015f\u0131na gelebilecek olaylar sonucu u\u011frayaca\u011f\u0131 nakit kayb\u0131n\u0131 kar\u015f\u0131lar. Sigortal\u0131n\u0131n ATM\u2019lerden para \u00e7ekme i\u015flemi s\u0131ras\u0131nda h\u0131rs\u0131zl\u0131k veya zorla para \u00e7ektirme,veya mekanik d\u00fczenek ile ATM\u2018nin tahrifat\u0131 veya zorla [&hellip;]<\/p>\n\t\t<div class=\"sp-pcp-readmore\">\n\t\t\t\t\t\t\t<a class=\"pcp-readmore-link\" target=\"_self\" href=\"https:\/\/pro2.acentemjet.com.tr\/index.php\/2024\/04\/18\/ferdi-kaza-sigortasi-2\/\" >\n\t\t\t\t\t\tDevam\u0131n\u0131 Oku <\/a>\n\t\t<\/div>\n\t\t\t\t\t<\/div>\n\t\t\t\t\t\t<\/div>\n\t\t<\/div>\n\t\t\t\t\t<\/div>\n\t\t\t\t\t\t<div class=\"pcp-pagination swiper-pagination dots\"><\/div>\n\t\t\t\t\t\t\t\t\t\t<div class=\"pcp-button-next swiper-button-next top_right\"><i class=\"fa fa-angle-right\"><\/i><\/div>\n\t\t\t\t<div class=\"pcp-button-prev swiper-button-prev top_right\"><i class=\"fa fa-angle-left\"><\/i><\/div>\t<\/div>\n<\/div>\n<\/div><\/li>\n\t\t<\/div>\n\t\t\t\t<\/div>\n\t\t\t\t\t<\/div>\n\t\t<\/div>\n\t\t\t\t\t<\/div>\n\t\t<\/section>\n\t\t\t\t<\/div>\n\t\t","protected":false},"excerpt":{"rendered":"<p>Geni\u015fletilmi\u015f Kasko Poli\u00e7esi Geni\u015fletilmi\u015f Kasko Poli\u00e7esi ile arac\u0131n\u0131z\u0131, kendinizi ve sevdiklerinizi g\u00fcvence alt\u0131na al\u0131n. Yeni bir d\u00f6nem ba\u015flatan HDI Sigorta h\u0131zl\u0131, b\u00fcrokratik olmayan, m\u00fc\u015fteri odakl\u0131 hizmet anlay\u0131\u015f\u0131yla b\u00fct\u00fcn T\u00fcrkiye\u2019ye hizmet veriyor. Geni\u015fletilmi\u015f Kasko Poli\u00e7esi ile \u00e7ok kapsaml\u0131 g\u00fcvenceler sunuyor. Teminat Kapsam\u0131 7 g\u00fcn 24 saat Kesintisiz HizmetHDI Sigorta Geni\u015fletilmi\u015f Kasko Poli\u00e7esi\u2018ni tercih eden herkes kesintisiz [&hellip;]<\/p>\n","protected":false},"author":1,"featured_media":0,"comment_status":"closed","ping_status":"closed","sticky":false,"template":"","format":"standard","meta":{"footnotes":""},"categories":[11],"tags":[],"class_list":["post-308","post","type-post","status-publish","format-standard","hentry","category-hdi-sigorta"],"_links":{"self":[{"href":"https:\/\/pro2.acentemjet.com.tr\/index.php\/wp-json\/wp\/v2\/posts\/308","targetHints":{"allow":["GET"]}}],"collection":[{"href":"https:\/\/pro2.acentemjet.com.tr\/index.php\/wp-json\/wp\/v2\/posts"}],"about":[{"href":"https:\/\/pro2.acentemjet.com.tr\/index.php\/wp-json\/wp\/v2\/types\/post"}],"author":[{"embeddable":true,"href":"https:\/\/pro2.acentemjet.com.tr\/index.php\/wp-json\/wp\/v2\/users\/1"}],"replies":[{"embeddable":true,"href":"https:\/\/pro2.acentemjet.com.tr\/index.php\/wp-json\/wp\/v2\/comments?post=308"}],"version-history":[{"count":7,"href":"https:\/\/pro2.acentemjet.com.tr\/index.php\/wp-json\/wp\/v2\/posts\/308\/revisions"}],"predecessor-version":[{"id":574,"href":"https:\/\/pro2.acentemjet.com.tr\/index.php\/wp-json\/wp\/v2\/posts\/308\/revisions\/574"}],"wp:attachment":[{"href":"https:\/\/pro2.acentemjet.com.tr\/index.php\/wp-json\/wp\/v2\/media?parent=308"}],"wp:term":[{"taxonomy":"category","embeddable":true,"href":"https:\/\/pro2.acentemjet.com.tr\/index.php\/wp-json\/wp\/v2\/categories?post=308"},{"taxonomy":"post_tag","embeddable":true,"href":"https:\/\/pro2.acentemjet.com.tr\/index.php\/wp-json\/wp\/v2\/tags?post=308"}],"curies":[{"name":"wp","href":"https:\/\/api.w.org\/{rel}","templated":true}]}}