{"id":327,"date":"2024-04-15T15:02:26","date_gmt":"2024-04-15T15:02:26","guid":{"rendered":"https:\/\/pro2.acentemjet.com.tr\/?p=327"},"modified":"2024-04-20T12:33:45","modified_gmt":"2024-04-20T12:33:45","slug":"tarim-ve-hayvancilik-sigortasi","status":"publish","type":"post","link":"https:\/\/pro2.acentemjet.com.tr\/index.php\/2024\/04\/15\/tarim-ve-hayvancilik-sigortasi\/","title":{"rendered":"Tar\u0131m ve Hayvanc\u0131l\u0131k Sigortas\u0131"},"content":{"rendered":"\t\t<div data-elementor-type=\"wp-post\" data-elementor-id=\"327\" class=\"elementor elementor-327\">\n\t\t\t\t<div class=\"elementor-element elementor-element-1d46dc7f e-flex e-con-boxed e-con e-parent\" data-id=\"1d46dc7f\" data-element_type=\"container\" data-core-v316-plus=\"true\">\n\t\t\t\t\t<div class=\"e-con-inner\">\n\t\t\t\t\t<\/div>\n\t\t\t\t<\/div>\n\t\t\t\t<section class=\"elementor-section elementor-top-section elementor-element elementor-element-79c5b5a6 elementor-section-boxed elementor-section-height-default elementor-section-height-default\" data-id=\"79c5b5a6\" data-element_type=\"section\">\n\t\t\t\t\t\t<div class=\"elementor-container elementor-column-gap-default\">\n\t\t\t\t\t<div class=\"elementor-column elementor-col-50 elementor-top-column elementor-element elementor-element-c5de2b4\" data-id=\"c5de2b4\" data-element_type=\"column\">\n\t\t\t<div class=\"elementor-widget-wrap elementor-element-populated\">\n\t\t\t\t<div class=\"elementor-element elementor-element-184d3bcf e-flex e-con-boxed e-con e-parent\" data-id=\"184d3bcf\" data-element_type=\"container\" data-core-v316-plus=\"true\">\n\t\t\t\t\t<div class=\"e-con-inner\">\n\t\t\t\t<div class=\"elementor-element elementor-element-16cf68ce elementor-widget elementor-widget-text-editor\" data-id=\"16cf68ce\" data-element_type=\"widget\" data-widget_type=\"text-editor.default\">\n\t\t\t\t<div class=\"elementor-widget-container\">\n\t\t\t<style>\/*! elementor - v3.20.0 - 26-03-2024 *\/\n.elementor-widget-text-editor.elementor-drop-cap-view-stacked .elementor-drop-cap{background-color:#69727d;color:#fff}.elementor-widget-text-editor.elementor-drop-cap-view-framed .elementor-drop-cap{color:#69727d;border:3px solid;background-color:transparent}.elementor-widget-text-editor:not(.elementor-drop-cap-view-default) .elementor-drop-cap{margin-top:8px}.elementor-widget-text-editor:not(.elementor-drop-cap-view-default) .elementor-drop-cap-letter{width:1em;height:1em}.elementor-widget-text-editor .elementor-drop-cap{float:left;text-align:center;line-height:1;font-size:50px}.elementor-widget-text-editor .elementor-drop-cap-letter{display:inline-block}<\/style>\t\t\t\t<!-- wp:heading {\"level\":4} -->\n<h4 class=\"wp-block-heading\"><strong>Devlet Destekli Bitkisel \u00dcr\u00fcn Sigortas\u0131<\/strong><\/h4>\n<!-- \/wp:heading -->\n\n<!-- wp:paragraph -->\n<p>Bu sigorta, yang\u0131n, heyelan, deprem, f\u0131rt\u0131na, hortum ek teminatlar\u0131 ile kar\u015f\u0131lanabilen riskleri kapsayan ana teminat paketi ile birlikte, istenirse belirtilen pakete ek olarak, don riskinin (sadece a\u00e7\u0131k alanda yeti\u015ftirilen meyveler i\u00e7in) do\u011frudan do\u011fruya bitkisel \u00fcr\u00fcnlerin (meyve, sebze ve tarla \u00fcr\u00fcnleri) miktar\u0131nda meydana getirdi\u011fi eksilmeyi kar\u015f\u0131lar. Sadece don riskine kar\u015f\u0131 sigorta yap\u0131lamaz.<\/p>\n<!-- \/wp:paragraph -->\n\n<!-- wp:paragraph -->\n<p><strong>Teminat Kapsam\u0131<\/strong><br>Dolu Teminat\u0131, dolu tanelerinin do\u011frudan \u00e7arpma etkisiyle,<\/p>\n<!-- \/wp:paragraph -->\n\n<!-- wp:paragraph -->\n<p>Yang\u0131n Teminat\u0131, yang\u0131n\u0131n, y\u0131ld\u0131r\u0131m\u0131n, infilak\u0131n veya yang\u0131n ve infilak sonucu meydana gelen duman, buhar ve hararetin etkisiyle,<\/p>\n<!-- \/wp:paragraph -->\n\n<!-- wp:paragraph -->\n<p>F\u0131rt\u0131na Teminat\u0131, ya\u011fmur, kar, dolu ile beraber olsun veya olmas\u0131n m\u00fcnhas\u0131ran f\u0131rt\u0131na* veya f\u0131rt\u0131na s\u0131ras\u0131nda r\u00fczg\u00e2r\u0131n s\u00fcr\u00fckledi\u011fi veya att\u0131\u011f\u0131 \u015feylerin \u00e7arpmas\u0131 etkisiyle, (*10 metre y\u00fckseklikte h\u0131z\u0131 62 km\/saatten fazla esen r\u00fczg\u00e2rlar f\u0131rt\u0131na olarak de\u011ferlendirilir ve bir hasar halinde en yak\u0131n meteoroloji istasyonunun verileri dikkate al\u0131n\u0131r.)<\/p>\n<!-- \/wp:paragraph -->\n\n<!-- wp:heading {\"level\":4} -->\n<h4 class=\"wp-block-heading\"><strong>Devlet Destekli Hayvan Hayat Sigortas\u0131<\/strong><\/h4>\n<!-- \/wp:heading -->\n\n<!-- wp:paragraph -->\n<p>Bu sigorta, \u00c7ift\u00e7i Kay\u0131t Sistemine entegre edilmi\u015f \u00f6n soy k\u00fct\u00fc\u011f\u00fcne ve soy k\u00fct\u00fc\u011f\u00fcne kay\u0131tl\u0131 s\u00fct s\u0131\u011f\u0131rlar\u0131 i\u00e7in yap\u0131lacak risk de\u011ferlendirmesi sonucunda sigortaya kabul edilen haller sebebiyle meydana gelen \u00f6l\u00fcmler ve zorunlu kestirmeler nedeniyle sigorta ettirenin do\u011frudan do\u011fruya u\u011frad\u0131\u011f\u0131 maddi zarar\u0131 temin eder.<\/p>\n<!-- \/wp:paragraph -->\n\n<!-- wp:paragraph -->\n<p><strong>Teminat Kapsam\u0131<\/strong><\/p>\n<!-- \/wp:paragraph -->\n\n<!-- wp:list -->\n<ul><!-- wp:list-item -->\n<li>Hayvan hastal\u0131klar\u0131 (a\u015fa\u011f\u0131da belirtilen hastal\u0131klar hari\u00e7) ve gebelik, do\u011fum veya cerrahi m\u00fcdahale<\/li>\n<!-- \/wp:list-item -->\n\n<!-- wp:list-item -->\n<li>Her t\u00fcrl\u00fc kazalar, y\u0131lan ve b\u00f6cek sokmas\u0131<\/li>\n<!-- \/wp:list-item -->\n\n<!-- wp:list-item -->\n<li>Zehirli \u00e7ay\u0131r otlar\u0131 ve yeme ba\u011fl\u0131 zehirlenmeler<\/li>\n<!-- \/wp:list-item -->\n\n<!-- wp:list-item -->\n<li>Her t\u00fcrl\u00fc do\u011fal afetler ve g\u00fcne\u015f \u00e7arpmas\u0131<\/li>\n<!-- \/wp:list-item -->\n\n<!-- wp:list-item -->\n<li>Yang\u0131n veya infil\u00e2k<\/li>\n<!-- \/wp:list-item -->\n\n<!-- wp:list-item -->\n<li>Teknik \u015fartlar \u00e7er\u00e7evesinde yavru atma riski<\/li>\n<!-- \/wp:list-item --><\/ul>\n<!-- \/wp:list -->\n\n<!-- wp:heading {\"level\":4} -->\n<h4 class=\"wp-block-heading\"><strong>Devlet Destekli K\u00fc\u00e7\u00fckba\u015f Hayvan Hayat Sigortas\u0131<\/strong><\/h4>\n<!-- \/wp:heading -->\n\n<!-- wp:paragraph -->\n<p><strong>Sigortan\u0131n Konusu<\/strong><br>Bu sigorta ile 5363 say\u0131l\u0131 Tar\u0131m Sigortalar\u0131 Kanununun 12\u2019nci maddesine istinaden, Bakanlar Kurulu karar\u0131 ile kapsama al\u0131nan k\u00fc\u00e7\u00fckba\u015f hayvanlarda, A.2 maddesinde belirtilen haller nedeniyle, meydana gelen zararlar, a\u015fa\u011f\u0131da yaz\u0131l\u0131 esas ve \u015fartlara g\u00f6re kar\u015f\u0131lan\u0131r. Bu genel \u015fartlar\u0131n uygulanmas\u0131nda, Devlet Destekli K\u00fc\u00e7\u00fckba\u015f Hayvan Hayat Sigortas\u0131 Tarife ve Talimatlar\u0131 dikkate al\u0131n\u0131r.<\/p>\n<!-- \/wp:paragraph -->\n\n<!-- wp:paragraph -->\n<p><strong>Teminat Kapsam\u0131<\/strong><br>Bu sigorta, sigortal\u0131 k\u00fc\u00e7\u00fckba\u015f hayvanlarda:<\/p>\n<!-- \/wp:paragraph -->\n\n<!-- wp:list -->\n<ul><!-- wp:list-item -->\n<li>A.3 maddesinin (a) f\u0131kras\u0131nda belirtilen hastal\u0131klar hari\u00e7 olmak \u00fczere, her t\u00fcrl\u00fc hayvan hastal\u0131klar\u0131 ve gebelik, do\u011fum veya cerrahi m\u00fcdahale sonucu \u00f6l\u00fcm,<\/li>\n<!-- \/wp:list-item -->\n\n<!-- wp:list-item -->\n<li>Her t\u00fcrl\u00fc kaza, vah\u015fi hayvan sald\u0131r\u0131s\u0131, y\u0131lan ve b\u00f6cek sokmas\u0131,<\/li>\n<!-- \/wp:list-item -->\n\n<!-- wp:list-item -->\n<li>Zehirli \u00e7ay\u0131r otlar\u0131 ve yeme ba\u011fl\u0131 zehirlenmeler,<\/li>\n<!-- \/wp:list-item -->\n\n<!-- wp:list-item -->\n<li>Her t\u00fcrl\u00fc do\u011fal afetler ve g\u00fcne\u015f \u00e7arpmas\u0131,<\/li>\n<!-- \/wp:list-item -->\n\n<!-- wp:list-item -->\n<li>Yang\u0131n veya infil\u00e2k sebebiyle meydana gelen \u00f6l\u00fcmler ve mecburi kesimler,<\/li>\n<!-- \/wp:list-item --><\/ul>\n<!-- \/wp:list -->\n\n<!-- wp:paragraph -->\n<p>nedenleriyle sigortal\u0131n\u0131n do\u011frudan do\u011fruya u\u011frad\u0131\u011f\u0131, maddi zarar\u0131 temin eder. Teminat alt\u0131na al\u0131nan riskler poli\u00e7ede belirtilir. Hastal\u0131klardan Arilik Belgesine sahip i\u015fletmelerde iste\u011fe ba\u011fl\u0131 olarak ek prim ile \u201c\u015eap Hastal\u0131\u011f\u0131\u201d teminat kapsam\u0131na al\u0131nabilir.<\/p>\n<!-- \/wp:paragraph -->\n\n<!-- wp:paragraph -->\n<p><strong>Sigorta Edilecek Hayvanlar ve Ya\u015flar\u0131<\/strong><br>Sigorta s\u00fcresi 1 y\u0131ldan az olmamak ko\u015fuluyla, koyun ve ke\u00e7iler ile ko\u00e7 ve tekeler, 3\u2019\u00fcnc\u00fc aydan ba\u015flamak \u00fczere 5 ya\u015f\u0131na kadar (5 ya\u015f d\u00e2hil) sigorta edilebilir.<\/p>\n<!-- \/wp:paragraph -->\n\n<!-- wp:heading {\"level\":4} -->\n<h4 class=\"wp-block-heading\"><strong>Devlet Destekli K\u00fcmes Hayvanlar\u0131 Hayat Sigortas\u0131<\/strong><\/h4>\n<!-- \/wp:heading -->\n\n<!-- wp:paragraph -->\n<p>Bu sigorta, kapal\u0131 sistemde \u00fcretimi yap\u0131lan, biyo-g\u00fcvenlik ve hijyen kurallar\u0131 sa\u011flanm\u0131\u015f tesislerde yeti\u015ftirilen k\u00fcmes hayvanlar\u0131nda a\u015fa\u011f\u0131da belirtilen haller sebebiyle meydana gelen zararlar\u0131 temin eder.<\/p>\n<!-- \/wp:paragraph -->\n\n<!-- wp:paragraph -->\n<p><strong>Teminat Kapsam\u0131<\/strong><\/p>\n<!-- \/wp:paragraph -->\n\n<!-- wp:list -->\n<ul><!-- wp:list-item -->\n<li>Her t\u00fcrl\u00fc kanatl\u0131 hayvan hastal\u0131klar\u0131 (a\u015fa\u011f\u0131da belirtilen hastal\u0131klar hari\u00e7)<\/li>\n<!-- \/wp:list-item -->\n\n<!-- wp:list-item -->\n<li>Her t\u00fcrl\u00fc kazalar, zehirlenmeler<\/li>\n<!-- \/wp:list-item -->\n\n<!-- wp:list-item -->\n<li>Her t\u00fcrl\u00fc do\u011fal afetler<\/li>\n<!-- \/wp:list-item -->\n\n<!-- wp:list-item -->\n<li>Yang\u0131n veya infil\u00e2k sebebiyle meydana gelen \u00f6l\u00fcmler, zorunlu \u00f6ld\u00fcrmeler ve zorunlu kestirmeler<\/li>\n<!-- \/wp:list-item --><\/ul>\n<!-- \/wp:list -->\n\n<!-- wp:heading {\"level\":4} -->\n<h4 class=\"wp-block-heading\"><strong>Devlet Destekli Ar\u0131c\u0131l\u0131k (Ar\u0131l\u0131 Kovan) Sigortas\u0131<\/strong><\/h4>\n<!-- \/wp:heading -->\n\n<!-- wp:paragraph -->\n<p>Ar\u0131c\u0131lar, priminizin yar\u0131s\u0131n\u0131n havuz taraf\u0131ndan \u00f6denmesini ister misiniz? Ar\u0131l\u0131 Kovan Sigortas\u0131 ile gezgin ar\u0131c\u0131lar\u0131m\u0131z\u0131n nakliye esnas\u0131ndaki hasarlar\u0131n\u0131n da kar\u015f\u0131land\u0131\u011f\u0131n\u0131 biliyor musunuz?<\/p>\n<!-- \/wp:paragraph -->\n\n<!-- wp:paragraph -->\n<p><strong>Sigortan\u0131n Konusu<\/strong><br>Bu sigorta ile 5363 say\u0131l\u0131 Tar\u0131m Sigortalar\u0131 Kanununun 12\u2019nci maddesine istinaden, Bakanlar Kurulu karar\u0131 ile kapsama al\u0131nan aktif (i\u00e7inde ar\u0131 olan), plakal\u0131, modern kovan niteli\u011findeki kovanlarda A.2 maddesinde belirtilen haller nedeniyle meydana gelen zararlar, a\u015fa\u011f\u0131da yaz\u0131l\u0131 esas ve \u015fartlara g\u00f6re kar\u015f\u0131lan\u0131r. Bu genel \u015fartlar\u0131n uygulanmas\u0131nda, Devlet Destekli Ar\u0131c\u0131l\u0131k (Ar\u0131l\u0131 Kovan) Sigortas\u0131 Tarife ve Talimatlar\u0131 dikkate al\u0131n\u0131r.<\/p>\n<!-- \/wp:paragraph -->\n\n<!-- wp:paragraph -->\n<p><strong>Teminat Kapsam\u0131<\/strong><br>Bu sigorta, aktif (i\u00e7inde ar\u0131 olan) kovanlar\u0131n:<\/p>\n<!-- \/wp:paragraph -->\n\n<!-- wp:list -->\n<ul><!-- wp:list-item -->\n<li>F\u0131rt\u0131na<\/li>\n<!-- \/wp:list-item -->\n\n<!-- wp:list-item -->\n<li>Hortum<\/li>\n<!-- \/wp:list-item -->\n\n<!-- wp:list-item -->\n<li>Yang\u0131n<\/li>\n<!-- \/wp:list-item -->\n\n<!-- wp:list-item -->\n<li>Heyelan<\/li>\n<!-- \/wp:list-item -->\n\n<!-- wp:list-item -->\n<li>Deprem<\/li>\n<!-- \/wp:list-item -->\n\n<!-- wp:list-item -->\n<li>Ta\u015f\u0131t \u00e7arpmas\u0131<\/li>\n<!-- \/wp:list-item -->\n\n<!-- wp:list-item -->\n<li>Sel ve su bask\u0131n\u0131<\/li>\n<!-- \/wp:list-item -->\n\n<!-- wp:list-item -->\n<li>Vah\u015fi hayvan sald\u0131r\u0131s\u0131<\/li>\n<!-- \/wp:list-item -->\n\n<!-- wp:list-item -->\n<li>Kovanlar\u0131n nakliyesi esnas\u0131nda \u00e7arpma, \u00e7arp\u0131\u015fma, devrilme, yanma vb.<\/li>\n<!-- \/wp:list-item --><\/ul>\n<!-- \/wp:list -->\n\n<!-- wp:paragraph -->\n<p>nedenler sonucu do\u011frudan do\u011fruya u\u011frad\u0131\u011f\u0131 zarar\u0131 temin eder. Kovan sigorta bedeline ar\u0131 kolonisi d\u00e2hildir. Teminat alt\u0131na al\u0131nan riskler poli\u00e7ede belirtilir.<\/p>\n<!-- \/wp:paragraph -->\n\n<!-- wp:paragraph -->\n<p><strong>Sigortaya Kabul \u015eartlar\u0131<\/strong><\/p>\n<!-- \/wp:paragraph -->\n\n<!-- wp:list -->\n<ul><!-- wp:list-item -->\n<li>Ar\u0131c\u0131l\u0131k Kay\u0131t Sistemine (AKS) kay\u0131tl\u0131 olunmas\u0131<\/li>\n<!-- \/wp:list-item -->\n\n<!-- wp:list-item -->\n<li>En az 30 adet kovan olmas\u0131<\/li>\n<!-- \/wp:list-item -->\n\n<!-- wp:list-item -->\n<li>\u0130\u015fletmede bulunan, Ar\u0131c\u0131l\u0131k Kay\u0131t Sistemine (AKS) kay\u0131tl\u0131 olan b\u00fct\u00fcn kovanlar\u0131n sigorta edilmesi<\/li>\n<!-- \/wp:list-item --><\/ul>\n<!-- \/wp:list -->\n\n<!-- wp:paragraph -->\n<p>Gezginci ar\u0131c\u0131l\u0131k yapan \u00fcreticiler i\u00e7in, poli\u00e7e yap\u0131lmadan \u00f6nce, kovanlar\u0131 nakledilece\u011fi adresler ve nakliyat\u0131n ger\u00e7ekle\u015ftirilece\u011fi ara\u00e7 tipleri ve i\u015faretlerinin Tar\u0131m Sigortalar\u0131 Havuzuna bildirilmesi ve kovanlar\u0131n aktif, ar\u0131l\u0131, plakal\u0131 ve modern olmas\u0131 zorunludur. Bu \u015fartlara uymayan kovan ve i\u00e7indeki ar\u0131 kolonisi teminat kapsam\u0131na al\u0131nmaz.<\/p>\n<!-- \/wp:paragraph -->\n\n<!-- wp:paragraph -->\n<p><strong>Sigorta Edilecek Kovanlar<\/strong><br>Sigorta s\u00fcresi 1 y\u0131ldan az olmamak ko\u015fuluyla; T\u00dcRKVET ve Ar\u0131c\u0131l\u0131k Kay\u0131t Sistemine (AKS) kay\u0131tl\u0131 olan plakal\u0131, modern ve aktif (i\u00e7inde ar\u0131 olan) kovanlar sigorta edilebilir.<\/p>\n<!-- \/wp:paragraph -->\n\n<!-- wp:heading {\"level\":4} -->\n<h4 class=\"wp-block-heading\"><strong>Devlet Destekli Su \u00dcr\u00fcnleri Sigortas\u0131<\/strong><\/h4>\n<!-- \/wp:heading -->\n\n<!-- wp:paragraph -->\n<p>30.12.2007 tarihinde Bakanlar Kurulunca al\u0131nan karara g\u00f6re, denizlerde ve i\u00e7 sularda yeti\u015ftirilen su \u00fcr\u00fcnlerine, \u00c7ift\u00e7i Kay\u0131t Sistemine entegre edilmi\u015f, Su \u00dcr\u00fcnleri Kay\u0131t Sistemine kay\u0131tl\u0131 mevcut bilgiler ve yap\u0131lacak risk incelemesi dikkate al\u0131narak, \u00f6l\u00fcm riski teminat\u0131, Su \u00dcr\u00fcnleri Sigortas\u0131 Genel \u015eartlar\u0131, Teknik \u015eartlar, Tarife ve Talimatlar\u0131 kapsam\u0131nda Tar\u0131m Sigortalar\u0131 Havuzu taraf\u0131ndan verilir.<\/p>\n<!-- \/wp:paragraph -->\n\n<!-- wp:paragraph -->\n<p><strong>Teminat Kapsam\u0131<\/strong><\/p>\n<!-- \/wp:paragraph -->\n\n<!-- wp:list -->\n<ul><!-- wp:list-item -->\n<li>Sigortaya kabul edilen su \u00fcr\u00fcnleri tesislerinde:<\/li>\n<!-- \/wp:list-item -->\n\n<!-- wp:list-item -->\n<li>Su \u00dcr\u00fcnleri Sigortas\u0131 genel \u015fartlar\u0131nda yaz\u0131l\u0131 istisnalar d\u0131\u015f\u0131nda kalan her t\u00fcrl\u00fc hastal\u0131k<\/li>\n<!-- \/wp:list-item -->\n\n<!-- wp:list-item -->\n<li>Yeti\u015ftiricinin kontrol\u00fc d\u0131\u015f\u0131ndaki kirlenme ve zehirlenmeler<\/li>\n<!-- \/wp:list-item -->\n\n<!-- wp:list-item -->\n<li>Her t\u00fcrl\u00fc do\u011fal afet<\/li>\n<!-- \/wp:list-item -->\n\n<!-- wp:list-item -->\n<li>Kazalar<\/li>\n<!-- \/wp:list-item -->\n\n<!-- wp:list-item -->\n<li>Predat\u00f6rler<\/li>\n<!-- \/wp:list-item --><\/ul>\n<!-- \/wp:list -->\n\n<!-- wp:paragraph -->\n<p>Alg patlamas\u0131 sebebiyle su \u00fcr\u00fcnleri stokunda meydana gelen \u00f6l\u00fcmler ve fiziksel kay\u0131plar sigorta kapsam\u0131ndad\u0131r.<\/p>\n<!-- \/wp:paragraph -->\n\n<!-- wp:paragraph -->\n<p><strong>Sigortaya Kabul Ko\u015fullar\u0131<\/strong><br>Teminat Kapsam\u0131ndaki Stok Geli\u015fme D\u00f6nemi:&nbsp; Yumurta ve larva d\u00f6nemindeki su \u00fcr\u00fcnleri stoklar\u0131 teminat kapsam\u0131 d\u0131\u015f\u0131nda olup teminat, alabal\u0131klar, \u00e7ipura ve levrek bal\u0131klar\u0131 i\u00e7in 5 gr b\u00fcy\u00fckl\u00fc\u011fe ula\u015ft\u0131ktan sonra ba\u015flar.<\/p>\n<!-- \/wp:paragraph -->\n\n<!-- wp:paragraph -->\n<p>Teminat bakanl\u0131k taraf\u0131ndan verilen kapasite ile s\u0131n\u0131rl\u0131d\u0131r.<\/p>\n<!-- \/wp:paragraph -->\n\n<!-- wp:paragraph -->\n<p>Su \u00dcr\u00fcnleri Yeti\u015ftiricilik Plan\u0131: Sigortal\u0131, ba\u015fvuru s\u0131ras\u0131nda Su \u00dcr\u00fcnleri Yeti\u015ftiricilik Plan\u0131n\u0131 (EK: 1) sigortac\u0131ya sunar.<\/p>\n<!-- \/wp:paragraph -->\n\n<!-- wp:paragraph -->\n<p>Hijyen ve Bak\u0131m: Sigortalanacak su \u00fcr\u00fcnleri, sigorta s\u00fcresinin ba\u015flang\u0131c\u0131nda yaralanmam\u0131\u015f, fiziki bak\u0131mdan kusursuz ve sa\u011fl\u0131kl\u0131 olmal\u0131d\u0131r. Sigortal\u0131n\u0131n su \u00fcr\u00fcnleri yeti\u015ftiricili\u011finde her zaman gereken ihtimam\u0131 g\u00f6stermesi esast\u0131r.<\/p>\n<!-- \/wp:paragraph -->\n\n<!-- wp:paragraph -->\n<p>Su \u00dcr\u00fcnleri Tesisinin Uygunlu\u011fu: \u00dcr\u00fcnlerin sigortalanabilmesi i\u00e7in su \u00fcr\u00fcnleri tesisindeki havuz, tank veya kafeslerin projeye uygun olarak yap\u0131lm\u0131\u015f veya monte edilmi\u015f ve uygunlu\u011funun yetkililer taraf\u0131ndan onaylanm\u0131\u015f ve belgelenmi\u015f olmas\u0131 gerekir.<\/p>\n<!-- \/wp:paragraph -->\n\n<!-- wp:paragraph -->\n<p>De\u011fi\u015fiklik Onay\u0131: Sigortal\u0131, kendi iradesi d\u0131\u015f\u0131nda, harici bir sebepten ileri gelecek herhangi bir zarar olmad\u0131k\u00e7a, yeti\u015ftiricilik tesisini d\u00fczenli olarak \u00e7al\u0131\u015ft\u0131racak, kendi kontrol\u00fc alt\u0131nda bulunan ve i\u015fletmede mevcut koruyucu sistem ve uyar\u0131 donan\u0131mlar\u0131nda ve adresinde sigortac\u0131n\u0131n yaz\u0131l\u0131 onay\u0131 olmad\u0131k\u00e7a hi\u00e7bir de\u011fi\u015fiklik yapmayacakt\u0131r. \u0130\u015fletmedeki koruyucu sistem ve uyar\u0131 donan\u0131mlar\u0131 her hafta d\u00fczenli bir \u015fekilde kontrol edilecek ve durum kayda ge\u00e7irilecektir. Sigortal\u0131, tesiste g\u00f6revli teknik sorumlu m\u00fcd\u00fcr ile teknik personel de\u011fi\u015fikliklerini gecikmeksizin havuzun merkez adresine bildirir.<\/p>\n<!-- \/wp:paragraph -->\n\n<!-- wp:paragraph -->\n<p>Yemleme Kay\u0131tlar\u0131: Sigortal\u0131, her bir yeti\u015ftirme \u00fcnitesi i\u00e7in g\u00fcnl\u00fck yemleme kay\u0131tlar\u0131n\u0131 tutar ve bu kay\u0131tlarda verilen yem cinsi ve miktarlar\u0131n\u0131 ayr\u0131 ayr\u0131 g\u00f6sterir.<\/p>\n<!-- \/wp:paragraph -->\n\n<!-- wp:paragraph -->\n<p>En Y\u00fcksek Stoklama Yo\u011funlu\u011fu: Su \u00fcr\u00fcnleri stoklama yo\u011funluklar\u0131 \u015fu&nbsp; de\u011ferleri a\u015famaz:<\/p>\n<!-- \/wp:paragraph -->\n\n<!-- wp:paragraph -->\n<p>Alabal\u0131k (300 gr): 25 kg\/m\u00b3<br>\u00c7ipura (300 gr): 20 kg\/m\u00b3<br>Levrek (300 gr): 20 kg\/m\u00b3<br>Orkinos: 5 kg\/m\u00b3<\/p>\n<!-- \/wp:paragraph -->\n\n<!-- wp:paragraph -->\n<p>Su \u00fcr\u00fcnleri yeti\u015ftiricili\u011finde a\u015fa\u011f\u0131daki hususlar\u0131n sa\u011flanmas\u0131 zorunludur:<\/p>\n<!-- \/wp:paragraph -->\n\n<!-- wp:list -->\n<ul><!-- wp:list-item -->\n<li>Tesiste yeti\u015ftirilen t\u00fcrler i\u00e7in olmas\u0131 gereken su kalite \u00f6l\u00e7\u00fclerine uyulmas\u0131<\/li>\n<!-- \/wp:list-item -->\n\n<!-- wp:list-item -->\n<li>Akarsu ve pompalarla su sa\u011flanan tesislerde her an \u00e7al\u0131\u015fabilir durumda yedek pompa ve yedek jenerat\u00f6r\u00fcn bulundurulmas\u0131<\/li>\n<!-- \/wp:list-item -->\n\n<!-- wp:list-item -->\n<li>Akarsularla su sa\u011flanan su \u00fcr\u00fcnleri tesislerinde suya kar\u0131\u015fan kaba malzemeleri uzakla\u015ft\u0131rmak i\u00e7in s\u00fczge\u00e7 vb. ara\u00e7lar\u0131n kullan\u0131lmas\u0131 ve bunlar\u0131n g\u00fcnde en az bir kez temizlenmesi<\/li>\n<!-- \/wp:list-item -->\n\n<!-- wp:list-item -->\n<li>Akarsulardan beslenen tesislerde tahliye kanal\u0131n\u0131n in\u015fa edilmi\u015f olmas\u0131<\/li>\n<!-- \/wp:list-item -->\n\n<!-- wp:list-item -->\n<li>Deniz trafi\u011fi i\u00e7in uyar\u0131 \u0131\u015f\u0131klar\u0131n\u0131n ve fosforlu \u015famand\u0131ralar\u0131n bulunmas\u0131<\/li>\n<!-- \/wp:list-item -->\n\n<!-- wp:list-item -->\n<li>Predat\u00f6rlere kar\u015f\u0131 gerekli \u00f6nlemlerin al\u0131nmas\u0131<\/li>\n<!-- \/wp:list-item -->\n\n<!-- wp:list-item -->\n<li>Kafes ba\u011flant\u0131lar\u0131n\u0131n imalat\u00e7\u0131 firman\u0131n tavsiyelerine g\u00f6re olmas\u0131.<\/li>\n<!-- \/wp:list-item --><\/ul>\n<!-- \/wp:list -->\t\t\t\t\t\t<\/div>\n\t\t\t\t<\/div>\n\t\t\t\t\t<\/div>\n\t\t\t\t<\/div>\n\t\t\t\t\t<\/div>\n\t\t<\/div>\n\t\t\t\t<div class=\"elementor-column elementor-col-50 elementor-top-column elementor-element elementor-element-4a7c29e9\" data-id=\"4a7c29e9\" data-element_type=\"column\">\n\t\t\t<div class=\"elementor-widget-wrap elementor-element-populated\">\n\t\t\t\t\t\t<div class=\"elementor-element elementor-element-57048dda elementor-widget elementor-widget-sidebar\" data-id=\"57048dda\" data-element_type=\"widget\" data-widget_type=\"sidebar.default\">\n\t\t\t\t<div class=\"elementor-widget-container\">\n\t\t\t<li id=\"block-7\" class=\"widget widget_block\">\n<div class=\"wp-block-group has-background is-vertical is-content-justification-center is-layout-flex wp-container-core-group-is-layout-4b2eccd6 wp-block-group-is-layout-flex\" style=\"background-color:#028639\"><div class=\"wp-block-image\">\n<figure class=\"aligncenter size-large is-resized\"><img fetchpriority=\"high\" decoding=\"async\" fetchpriority=\"high\" width=\"745\" height=\"1024\" src=\"https:\/\/pro2.acentemjet.com.tr\/wp-content\/uploads\/2024\/04\/transparent-ui-icon-pin-icon-location-icon-5df084a487e478.7119334115760436845566-745x1024.png\" alt=\"\" class=\"wp-image-67\" style=\"width:91px;height:auto\" srcset=\"https:\/\/pro2.acentemjet.com.tr\/wp-content\/uploads\/2024\/04\/transparent-ui-icon-pin-icon-location-icon-5df084a487e478.7119334115760436845566-745x1024.png 745w, https:\/\/pro2.acentemjet.com.tr\/wp-content\/uploads\/2024\/04\/transparent-ui-icon-pin-icon-location-icon-5df084a487e478.7119334115760436845566-218x300.png 218w, https:\/\/pro2.acentemjet.com.tr\/wp-content\/uploads\/2024\/04\/transparent-ui-icon-pin-icon-location-icon-5df084a487e478.7119334115760436845566-768x1056.png 768w, https:\/\/pro2.acentemjet.com.tr\/wp-content\/uploads\/2024\/04\/transparent-ui-icon-pin-icon-location-icon-5df084a487e478.7119334115760436845566.png 950w\" sizes=\"(max-width: 745px) 100vw, 745px\" \/><\/figure>\n<\/div><\/div>\n<\/li>\n<li id=\"block-9\" class=\"widget widget_block\"><!DOCTYPE html>\n<html lang=\"en\">\n<head>\n<meta charset=\"UTF-8\">\n<meta name=\"viewport\" content=\"width=device-width, initial-scale=1.0\">\n<title>Arka Planl\u0131 Div<\/title>\n<style>\n    .background-div {\n        background-color: #028639;\n        padding: 20px;\n        text-align: center;\n    }\n    .position-img {\n        margin-bottom: 20px;\n    }\n    select {\n        width: 100%;\n        padding: 10px;\n        margin-bottom: 20px;\n    }\n    .btn {\n        background-color: rgba(0, 0, 0, 0.5);\n        color: white;\n        padding: 10px 20px;\n        border: none;\n        border-radius: 5px;\n        cursor: pointer;\n        transition: background-color 0.3s ease;\n    }\n    .btn:hover {\n        background-color: rgba(0, 0, 0, 0.7);\n    }\n    .btn-dark {\n        background-color: rgba(0, 0, 0, 0.9);\n    }\n<\/style>\n<\/head>\n<body>\n<div class=\"background-div\">\n    \n    <select name=\"ctl00$MainContent$DropDownList1\" onchange=\"javascript:setTimeout('__doPostBack(\\'ctl00$MainContent$DropDownList1\\',\\'\\')', 0)\" id=\"MainContent_DropDownList1\" class=\"styled-select auto-style12\">\n        <option selected=\"selected\" value=\"-1\">Sigorta T\u00fcr\u00fcn\u00fc Se\u00e7iniz<\/option>\n        <option value=\"1\">Kasko<\/option>\n        <option value=\"2\">Trafik Sigortas\u0131<\/option>\n        <option value=\"3\">Seyahat Sigortas\u0131<\/option>\n        <option value=\"4\">Konut Sigortas\u0131<\/option>\n        <option value=\"5\">Tamamlay\u0131c\u0131 Sa\u011fl\u0131k<\/option>\n        <option value=\"6\">\u0130\u015fyeri Sigortas\u0131<\/option>\n        <option value=\"7\">Sa\u011fl\u0131k Sigortas\u0131<\/option>\n        <option value=\"8\">Dask<\/option>\n        <option value=\"9\">Bireysel Emeklilik<\/option>\n    <\/select>\n    <button class=\"btn\">TEKL\u0130F AL<\/button><br><br>\n    <button class=\"btn btn-dark\">POL\u0130\u00c7E HATIRLAT<\/button>\n<\/div>\n<\/body>\n<\/html><\/li>\n<li id=\"block-12\" class=\"widget widget_block\">\n<figure class=\"wp-block-pullquote\"><blockquote><p><strong>H\u0130ZMETLER\u0130M\u0130Z<\/strong><\/p><\/blockquote><\/figure>\n<\/li>\n<li id=\"block-11\" class=\"widget widget_block\"><div ><style id=\"sp_pcp_dynamic_style195\">#pcp_wrapper-195 .sp-pcp-row{ margin-right: -10px;margin-left: -10px;}#pcp_wrapper-195 .sp-pcp-row [class*='sp-pcp-col-']{padding-right: 10px;padding-left: 10px;padding-bottom: 20px;}.pcp-wrapper-195 .sp-pcp-title a {color: #111;display: inherit;} .pcp-wrapper-195 .sp-pcp-title a:hover {color: #e1624b;}.pcp-wrapper-195 .sp-pcp-post-content{color: #444; }#pcp_wrapper-195 .dots .swiper-pagination-bullet{ background: #cccccc; } #pcp_wrapper-195 .dots .swiper-pagination-bullet-active { background: #D64224; }#pcp_wrapper-195 .pcp-button-prev,#pcp_wrapper-195 .pcp-button-next{ background-image: none; background-size: auto; background-color: #fff; height: 33px; width: 33px; margin-top: 8px; border: 1px solid #aaa; text-align: center; line-height: 30px; -webkit-transition: 0.3s; }#pcp_wrapper-195 .pcp-button-prev:hover, #pcp_wrapper-195 .pcp-button-next:hover{ background-color: #D64224; border-color: #D64224; } #pcp_wrapper-195 .pcp-button-prev .fa, #pcp_wrapper-195 .pcp-button-next .fa { color: #aaa; } #pcp_wrapper-195 .pcp-button-prev:hover .fa, #pcp_wrapper-195 .pcp-button-next:hover .fa { color: #fff; } #pcp_wrapper-195.pcp-carousel-wrapper .sp-pcp-post{ margin-top: 0; }#pcp_wrapper-195 .sp-pcp-post {padding: 0 0 0 0;}#pcp_wrapper-195 .sp-pcp-post {border: 0px solid #e2e2e2;}#pcp_wrapper-195 .sp-pcp-post {border-radius: 0px;}#pcp_wrapper-195 .sp-pcp-post{background-color: transparent;}.pcp-wrapper-195 .sp-pcp-post-meta li,.pcp-wrapper-195 .sp-pcp-post-meta ul,.pcp-wrapper-195 .sp-pcp-post-meta li a{color: #888;}.pcp-wrapper-195 .sp-pcp-post-meta li a:hover{color: #e1624b;}#pcp_wrapper-195 .pcp-readmore-link{ background: transparent; color: #111; border-color: #888; } #pcp_wrapper-195 .pcp-readmore-link:hover { background: #e1624b; color: #fff; border-color: #e1624b; }#pcp_wrapper-195 .pcp-post-pagination .page-numbers.current, #pcp_wrapper-195 .pcp-post-pagination a.active , #pcp_wrapper-195 .pcp-post-pagination a:hover{ color: #ffffff; background: #e1624b; border-color: #e1624b; }#pcp_wrapper-195 .pcp-post-pagination .page-numbers, .pcp-post-pagination a{ background: #ffffff; color:#5e5e5e; border-color: #bbbbbb; }<\/style><!-- Markup Starts -->\n<div id=\"pcp_wrapper-195\" class=\"sp-pcp-section sp-pcp-container pcp-wrapper-195 pcp-carousel-wrapper standard\" data-sid=\"195\">\n\t<div id=\"sp-pcp-id-195\" class=\"swiper-container sp-pcp-carousel top_right\" dir=\"ltr\" data-carousel='{ \"speed\":600, \"items\":1, \"spaceBetween\":20, \"navigation\":true, \"pagination\": true, \"autoplay\": true, \"autoplay_speed\": 4000, \"loop\": true, \"autoHeight\": false, \"lazy\":  true, \"simulateTouch\": true, \"freeMode\": false, \"slider_mouse_wheel\": false,\"allowTouchMove\": true, \"slidesPerView\": {\"lg_desktop\": 1, \"desktop\": 1, \"tablet\": 1, \"mobile_landscape\": 1, \"mobile\": 1}, \"navigation_mobile\": true, \"pagination_mobile\": true, \"stop_onHover\": true, \"enabled\": true, \"prevSlideMessage\": \"Previous slide\", \"nextSlideMessage\": \"Next slide\", \"firstSlideMessage\": \"This is the first slide\", \"lastSlideMessage\": \"This is the last slide\", \"keyboard\": \"true\", \"paginationBulletMessage\": \"Go to slide {{index}}\" }'>\n\t\t\t<div class=\"swiper-wrapper\">\n\t\t\t\t\t\t<div class=\" swiper-slide swiper-lazy\">\n\t\t\t<div class=\"sp-pcp-post pcp-item-419\" data-id=\"419\">\n\t\t\t\t\t\t\t<h2 class=\"sp-pcp-title\">\n\t\t\t\t\t\t\t\t\t<a href=\"https:\/\/pro2.acentemjet.com.tr\/index.php\/2024\/04\/18\/seyahat-saglik-sigortasi\/\"  target=\"_self\">Seyahat Sa\u011fl\u0131k Sigortas\u0131<\/a>\t\t\t\t\t\t\t<\/h2>\n\t\t\t\t\t\t<div class=\"sp-pcp-post-content\">\n\t\t\t<p>Seyahat sa\u011fl\u0131k sigortas\u0131 ula\u015f\u0131m yollar\u0131ndan herhangi birisini kullanarak yurt i\u00e7inde, yurt d\u0131\u015f\u0131na veya yurt d\u0131\u015f\u0131ndan \u00fclkemize seyahat edenleri, seyahatleri esnas\u0131nda kar\u015f\u0131la\u015fabilecekleri sa\u011fl\u0131k risklerine kar\u015f\u0131 koruyan bir \u00f6zel sigorta t\u00fcr\u00fcd\u00fcr.&nbsp; Sigortac\u0131, seyahat s\u0131ras\u0131nda poli\u00e7enin ge\u00e7erlilik tarihleri aras\u0131nda meydana gelen bir kaza veya \u00f6nceden mevcut bir duruma ba\u011fl\u0131 olmayan hastal\u0131k hali sonucunda, planlanan seyahat s\u00fcresi d\u0131\u015f\u0131nda meydana [&hellip;]<\/p>\n\t\t<div class=\"sp-pcp-readmore\">\n\t\t\t\t\t\t\t<a class=\"pcp-readmore-link\" target=\"_self\" href=\"https:\/\/pro2.acentemjet.com.tr\/index.php\/2024\/04\/18\/seyahat-saglik-sigortasi\/\" >\n\t\t\t\t\t\tDevam\u0131n\u0131 Oku <\/a>\n\t\t<\/div>\n\t\t\t\t\t<\/div>\n\t\t\t\t\t\t<\/div>\n\t\t<\/div>\n\t\t\t\t<div class=\" swiper-slide swiper-lazy\">\n\t\t\t<div class=\"sp-pcp-post pcp-item-417\" data-id=\"417\">\n\t\t\t\t\t\t\t<h2 class=\"sp-pcp-title\">\n\t\t\t\t\t\t\t\t\t<a href=\"https:\/\/pro2.acentemjet.com.tr\/index.php\/2024\/04\/18\/saglik-sigortasi-2\/\"  target=\"_self\">Sa\u011fl\u0131k Sigortas\u0131<\/a>\t\t\t\t\t\t\t<\/h2>\n\t\t\t\t\t\t<div class=\"sp-pcp-post-content\">\n\t\t\t<p>Sa\u011fl\u0131\u011f\u0131n\u0131z Do\u011fa Sigorta ile g\u00fcvende\u2026 Do\u011fru Ad\u0131m Tamamlay\u0131c\u0131 Sa\u011fl\u0131k Sigortas\u0131 nas\u0131l kullan\u0131l\u0131r? Do\u011fa Sigorta Tamamlay\u0131c\u0131 Sa\u011fl\u0131k Sigortas\u0131, sizin ve ailenizin beklenmedik sa\u011fl\u0131k sorunlar\u0131nda hem SGK hem de Do\u011fa Sigorta ile anla\u015fmal\u0131 \u00f6zel hastanelerdeki fark \u00fccretlerinizi b\u00fct\u00e7enize uygun primlerle g\u00fcvence alt\u0131na al\u0131r. Yabanc\u0131 Uyruklulara \u00d6zel &#8216;Turuncu Sa\u011fl\u0131k Sigortas\u0131&#8217; Yabanc\u0131 uyruklu (T.C. vatanda\u015f\u0131 olmayan) ki\u015filerin k\u0131sa d\u00f6nem [&hellip;]<\/p>\n\t\t<div class=\"sp-pcp-readmore\">\n\t\t\t\t\t\t\t<a class=\"pcp-readmore-link\" target=\"_self\" href=\"https:\/\/pro2.acentemjet.com.tr\/index.php\/2024\/04\/18\/saglik-sigortasi-2\/\" >\n\t\t\t\t\t\tDevam\u0131n\u0131 Oku <\/a>\n\t\t<\/div>\n\t\t\t\t\t<\/div>\n\t\t\t\t\t\t<\/div>\n\t\t<\/div>\n\t\t\t\t<div class=\" swiper-slide swiper-lazy\">\n\t\t\t<div class=\"sp-pcp-post pcp-item-415\" data-id=\"415\">\n\t\t\t\t\t\t\t<h2 class=\"sp-pcp-title\">\n\t\t\t\t\t\t\t\t\t<a href=\"https:\/\/pro2.acentemjet.com.tr\/index.php\/2024\/04\/18\/sorumluluk-sigortasi-2\/\"  target=\"_self\">Sorumluluk Sigortas\u0131<\/a>\t\t\t\t\t\t\t<\/h2>\n\t\t\t\t\t\t<div class=\"sp-pcp-post-content\">\n\t\t\t<p>Zorunlu Yolcu Ta\u015f\u0131mac\u0131l\u0131k Mali Sorumluluk Bu sigorta, yurti\u00e7i ve uluslararas\u0131 yolcu ta\u015f\u0131mac\u0131l\u0131\u011f\u0131 kapsam\u0131nda seyahat eden yolcular\u0131, s\u00fcr\u00fcc\u00fcleri ve yard\u0131mc\u0131lar\u0131n\u0131, ta\u015f\u0131mac\u0131l\u0131k hizmetinin ba\u015flang\u0131c\u0131ndan bitimine kadar ge\u00e7en seyahat s\u00fcresi i\u00e7inde, duraklamalar da dahil olmak \u00fczere, maruz kalacaklar\u0131 her t\u00fcrl\u00fc kazalar\u0131n neticelerine kar\u015f\u0131 a\u015fa\u011f\u0131daki \u015fartlar \u00e7er\u00e7evesinde teminat alt\u0131na al\u0131r.&nbsp; Maden \u00c7al\u0131\u015fanlar\u0131 Zorunlu Ferdi Kaza Sigortas\u0131 Yer alt\u0131 ve [&hellip;]<\/p>\n\t\t<div class=\"sp-pcp-readmore\">\n\t\t\t\t\t\t\t<a class=\"pcp-readmore-link\" target=\"_self\" href=\"https:\/\/pro2.acentemjet.com.tr\/index.php\/2024\/04\/18\/sorumluluk-sigortasi-2\/\" >\n\t\t\t\t\t\tDevam\u0131n\u0131 Oku <\/a>\n\t\t<\/div>\n\t\t\t\t\t<\/div>\n\t\t\t\t\t\t<\/div>\n\t\t<\/div>\n\t\t\t\t<div class=\" swiper-slide swiper-lazy\">\n\t\t\t<div class=\"sp-pcp-post pcp-item-413\" data-id=\"413\">\n\t\t\t\t\t\t\t<h2 class=\"sp-pcp-title\">\n\t\t\t\t\t\t\t\t\t<a href=\"https:\/\/pro2.acentemjet.com.tr\/index.php\/2024\/04\/18\/nakliyat-sigortasi-2\/\"  target=\"_self\">Nakliyat Sigortas\u0131<\/a>\t\t\t\t\t\t\t<\/h2>\n\t\t\t\t\t\t<div class=\"sp-pcp-post-content\">\n\t\t\t<p>Sahibi bulundu\u011funuz mallar\u0131n, \u00e7e\u015fitli nakil vas\u0131talar\u0131 ile bir yerden di\u011fer bir yere ta\u015f\u0131nmas\u0131, bu ta\u015f\u0131nma s\u0131ras\u0131nda da olu\u015fabilecek \u00e7e\u015fitli rizikolara kar\u015f\u0131 g\u00fcvence alt\u0131na al\u0131nmas\u0131 Emtia Nakliyat Sigortas\u0131 \u00fcr\u00fcn\u00fcm\u00fcz ile sa\u011flanmaktad\u0131r. Ayr\u0131ca, Sigortal\u0131 olarak sadece emtian\u0131z\u0131n de\u011ferini de\u011fil, &nbsp;navlun, sigorta \u00fccreti ve \u00f6ng\u00f6r\u00fclen kar gibi baz\u0131 ek giderleriniz de teminat alt\u0131na al\u0131nabilmektedir. Bu \u00fcr\u00fcn\u00fcm\u00fczde mal\u0131n\u0131z\u0131n g\u00fcvence [&hellip;]<\/p>\n\t\t<div class=\"sp-pcp-readmore\">\n\t\t\t\t\t\t\t<a class=\"pcp-readmore-link\" target=\"_self\" href=\"https:\/\/pro2.acentemjet.com.tr\/index.php\/2024\/04\/18\/nakliyat-sigortasi-2\/\" >\n\t\t\t\t\t\tDevam\u0131n\u0131 Oku <\/a>\n\t\t<\/div>\n\t\t\t\t\t<\/div>\n\t\t\t\t\t\t<\/div>\n\t\t<\/div>\n\t\t\t\t<div class=\" swiper-slide swiper-lazy\">\n\t\t\t<div class=\"sp-pcp-post pcp-item-411\" data-id=\"411\">\n\t\t\t\t\t\t\t<h2 class=\"sp-pcp-title\">\n\t\t\t\t\t\t\t\t\t<a href=\"https:\/\/pro2.acentemjet.com.tr\/index.php\/2024\/04\/18\/muhendislik-sigortasi-2\/\"  target=\"_self\">M\u00fchendislik Sigortas\u0131<\/a>\t\t\t\t\t\t\t<\/h2>\n\t\t\t\t\t\t<div class=\"sp-pcp-post-content\">\n\t\t\t<p>Do\u011fa&nbsp;M\u00fchendislik Sigortalar\u0131 ile projenizin ba\u015flang\u0131c\u0131ndan sonuna kadar \u00fcretimi aksatacak her t\u00fcrl\u00fc risk teminat kapsam\u0131nda g\u00fcvence alt\u0131na al\u0131n\u0131r. Makine K\u0131r\u0131lmas\u0131 Sigortas\u0131, Elektronik Cihaz Sigortas\u0131, \u0130n\u015faat All Risks Sigortas\u0131, Montaj All Risks Sigortas\u0131, Do\u011falgaz Tesisat Sigortas\u0131 \u00fcr\u00fcnlerimizle i\u015finizin aksamamas\u0131 i\u00e7in size \u00f6zel olanaklar sunuyoruz. Makine K\u0131r\u0131lmas\u0131 Sigorta Kapsam\u0131: Bu poli\u00e7e, imalat y\u0131llar\u0131, nitelikleri ve de\u011ferleri yaz\u0131l\u0131 makine [&hellip;]<\/p>\n\t\t<div class=\"sp-pcp-readmore\">\n\t\t\t\t\t\t\t<a class=\"pcp-readmore-link\" target=\"_self\" href=\"https:\/\/pro2.acentemjet.com.tr\/index.php\/2024\/04\/18\/muhendislik-sigortasi-2\/\" >\n\t\t\t\t\t\tDevam\u0131n\u0131 Oku <\/a>\n\t\t<\/div>\n\t\t\t\t\t<\/div>\n\t\t\t\t\t\t<\/div>\n\t\t<\/div>\n\t\t\t\t<div class=\" swiper-slide swiper-lazy\">\n\t\t\t<div class=\"sp-pcp-post pcp-item-409\" data-id=\"409\">\n\t\t\t\t\t\t\t<h2 class=\"sp-pcp-title\">\n\t\t\t\t\t\t\t\t\t<a href=\"https:\/\/pro2.acentemjet.com.tr\/index.php\/2024\/04\/18\/ferdi-kaza-sigortasi-2\/\"  target=\"_self\">Ferdi Kaza Sigortas\u0131<\/a>\t\t\t\t\t\t\t<\/h2>\n\t\t\t\t\t\t<div class=\"sp-pcp-post-content\">\n\t\t\t<p>Ferdi kaza sigortas\u0131, ani ve beklenmedik kazalar\u0131n sonu\u00e7lar\u0131na kar\u015f\u0131 a\u015fa\u011f\u0131daki risklere kar\u015f\u0131 g\u00fcvence sa\u011flar. Do\u011fal Destek Ferdi Kaza Sigortas\u0131 Atm Teminat\u0131 Sigortal\u0131n\u0131n ATM \u00fczerinde i\u015flem yaparken veya yapt\u0131ktan sonra ba\u015f\u0131na gelebilecek olaylar sonucu u\u011frayaca\u011f\u0131 nakit kayb\u0131n\u0131 kar\u015f\u0131lar. Sigortal\u0131n\u0131n ATM\u2019lerden para \u00e7ekme i\u015flemi s\u0131ras\u0131nda h\u0131rs\u0131zl\u0131k veya zorla para \u00e7ektirme,veya mekanik d\u00fczenek ile ATM\u2018nin tahrifat\u0131 veya zorla [&hellip;]<\/p>\n\t\t<div class=\"sp-pcp-readmore\">\n\t\t\t\t\t\t\t<a class=\"pcp-readmore-link\" target=\"_self\" href=\"https:\/\/pro2.acentemjet.com.tr\/index.php\/2024\/04\/18\/ferdi-kaza-sigortasi-2\/\" >\n\t\t\t\t\t\tDevam\u0131n\u0131 Oku <\/a>\n\t\t<\/div>\n\t\t\t\t\t<\/div>\n\t\t\t\t\t\t<\/div>\n\t\t<\/div>\n\t\t\t\t\t<\/div>\n\t\t\t\t\t\t<div class=\"pcp-pagination swiper-pagination dots\"><\/div>\n\t\t\t\t\t\t\t\t\t\t<div class=\"pcp-button-next swiper-button-next top_right\"><i class=\"fa fa-angle-right\"><\/i><\/div>\n\t\t\t\t<div class=\"pcp-button-prev swiper-button-prev top_right\"><i class=\"fa fa-angle-left\"><\/i><\/div>\t<\/div>\n<\/div>\n<\/div><\/li>\n\t\t<\/div>\n\t\t\t\t<\/div>\n\t\t\t\t\t<\/div>\n\t\t<\/div>\n\t\t\t\t\t<\/div>\n\t\t<\/section>\n\t\t\t\t<\/div>\n\t\t","protected":false},"excerpt":{"rendered":"<p>Devlet Destekli Bitkisel \u00dcr\u00fcn Sigortas\u0131 Bu sigorta, yang\u0131n, heyelan, deprem, f\u0131rt\u0131na, hortum ek teminatlar\u0131 ile kar\u015f\u0131lanabilen riskleri kapsayan ana teminat paketi ile birlikte, istenirse belirtilen pakete ek olarak, don riskinin (sadece a\u00e7\u0131k alanda yeti\u015ftirilen meyveler i\u00e7in) do\u011frudan do\u011fruya bitkisel \u00fcr\u00fcnlerin (meyve, sebze ve tarla \u00fcr\u00fcnleri) miktar\u0131nda meydana getirdi\u011fi eksilmeyi kar\u015f\u0131lar. Sadece don riskine kar\u015f\u0131 sigorta [&hellip;]<\/p>\n","protected":false},"author":1,"featured_media":0,"comment_status":"closed","ping_status":"closed","sticky":false,"template":"","format":"standard","meta":{"footnotes":""},"categories":[11],"tags":[],"class_list":["post-327","post","type-post","status-publish","format-standard","hentry","category-hdi-sigorta"],"_links":{"self":[{"href":"https:\/\/pro2.acentemjet.com.tr\/index.php\/wp-json\/wp\/v2\/posts\/327","targetHints":{"allow":["GET"]}}],"collection":[{"href":"https:\/\/pro2.acentemjet.com.tr\/index.php\/wp-json\/wp\/v2\/posts"}],"about":[{"href":"https:\/\/pro2.acentemjet.com.tr\/index.php\/wp-json\/wp\/v2\/types\/post"}],"author":[{"embeddable":true,"href":"https:\/\/pro2.acentemjet.com.tr\/index.php\/wp-json\/wp\/v2\/users\/1"}],"replies":[{"embeddable":true,"href":"https:\/\/pro2.acentemjet.com.tr\/index.php\/wp-json\/wp\/v2\/comments?post=327"}],"version-history":[{"count":4,"href":"https:\/\/pro2.acentemjet.com.tr\/index.php\/wp-json\/wp\/v2\/posts\/327\/revisions"}],"predecessor-version":[{"id":600,"href":"https:\/\/pro2.acentemjet.com.tr\/index.php\/wp-json\/wp\/v2\/posts\/327\/revisions\/600"}],"wp:attachment":[{"href":"https:\/\/pro2.acentemjet.com.tr\/index.php\/wp-json\/wp\/v2\/media?parent=327"}],"wp:term":[{"taxonomy":"category","embeddable":true,"href":"https:\/\/pro2.acentemjet.com.tr\/index.php\/wp-json\/wp\/v2\/categories?post=327"},{"taxonomy":"post_tag","embeddable":true,"href":"https:\/\/pro2.acentemjet.com.tr\/index.php\/wp-json\/wp\/v2\/tags?post=327"}],"curies":[{"name":"wp","href":"https:\/\/api.w.org\/{rel}","templated":true}]}}