{"id":409,"date":"2024-04-18T14:35:08","date_gmt":"2024-04-18T14:35:08","guid":{"rendered":"https:\/\/pro2.acentemjet.com.tr\/?p=409"},"modified":"2024-04-20T12:47:42","modified_gmt":"2024-04-20T12:47:42","slug":"ferdi-kaza-sigortasi-2","status":"publish","type":"post","link":"https:\/\/pro2.acentemjet.com.tr\/index.php\/2024\/04\/18\/ferdi-kaza-sigortasi-2\/","title":{"rendered":"Ferdi Kaza Sigortas\u0131"},"content":{"rendered":"\t\t<div data-elementor-type=\"wp-post\" data-elementor-id=\"409\" class=\"elementor elementor-409\">\n\t\t\t\t<div class=\"elementor-element elementor-element-763476f7 e-flex e-con-boxed e-con e-parent\" data-id=\"763476f7\" data-element_type=\"container\" data-core-v316-plus=\"true\">\n\t\t\t\t\t<div class=\"e-con-inner\">\n\t\t\t\t\t<\/div>\n\t\t\t\t<\/div>\n\t\t\t\t<section class=\"elementor-section elementor-top-section elementor-element elementor-element-7b3aaa9 elementor-section-boxed elementor-section-height-default elementor-section-height-default\" data-id=\"7b3aaa9\" data-element_type=\"section\">\n\t\t\t\t\t\t<div class=\"elementor-container elementor-column-gap-default\">\n\t\t\t\t\t<div class=\"elementor-column elementor-col-50 elementor-top-column elementor-element elementor-element-75e06885\" data-id=\"75e06885\" data-element_type=\"column\">\n\t\t\t<div class=\"elementor-widget-wrap elementor-element-populated\">\n\t\t\t\t<div class=\"elementor-element elementor-element-6869179f e-flex e-con-boxed e-con e-parent\" data-id=\"6869179f\" data-element_type=\"container\" data-core-v316-plus=\"true\">\n\t\t\t\t\t<div class=\"e-con-inner\">\n\t\t\t\t<div class=\"elementor-element elementor-element-27a0a2f5 elementor-widget elementor-widget-text-editor\" data-id=\"27a0a2f5\" data-element_type=\"widget\" data-widget_type=\"text-editor.default\">\n\t\t\t\t<div class=\"elementor-widget-container\">\n\t\t\t<style>\/*! elementor - v3.20.0 - 26-03-2024 *\/\n.elementor-widget-text-editor.elementor-drop-cap-view-stacked .elementor-drop-cap{background-color:#69727d;color:#fff}.elementor-widget-text-editor.elementor-drop-cap-view-framed .elementor-drop-cap{color:#69727d;border:3px solid;background-color:transparent}.elementor-widget-text-editor:not(.elementor-drop-cap-view-default) .elementor-drop-cap{margin-top:8px}.elementor-widget-text-editor:not(.elementor-drop-cap-view-default) .elementor-drop-cap-letter{width:1em;height:1em}.elementor-widget-text-editor .elementor-drop-cap{float:left;text-align:center;line-height:1;font-size:50px}.elementor-widget-text-editor .elementor-drop-cap-letter{display:inline-block}<\/style>\t\t\t\t<!-- wp:paragraph -->\n<p>Ferdi kaza sigortas\u0131, ani ve beklenmedik kazalar\u0131n sonu\u00e7lar\u0131na kar\u015f\u0131 a\u015fa\u011f\u0131daki risklere kar\u015f\u0131 g\u00fcvence sa\u011flar.<\/p>\n<!-- \/wp:paragraph -->\n\n<!-- wp:list -->\n<ul><!-- wp:list-item -->\n<li>\u00d6l\u00fcm<\/li>\n<!-- \/wp:list-item -->\n\n<!-- wp:list-item -->\n<li>S\u00fcrekli Sakatl\u0131k<\/li>\n<!-- \/wp:list-item -->\n\n<!-- wp:list-item -->\n<li>G\u00fcndelik Tazminat<\/li>\n<!-- \/wp:list-item -->\n\n<!-- wp:list-item -->\n<li>Tedavi Masraflar\u0131<\/li>\n<!-- \/wp:list-item -->\n\n<!-- wp:list-item -->\n<li>Deprem<\/li>\n<!-- \/wp:list-item --><\/ul>\n<!-- \/wp:list -->\n\n<!-- wp:heading {\"level\":4} -->\n<h4 class=\"wp-block-heading\"><strong>Do\u011fal Destek Ferdi Kaza Sigortas\u0131<\/strong><\/h4>\n<!-- \/wp:heading -->\n\n<!-- wp:paragraph -->\n<p><strong>Atm Teminat\u0131<\/strong><\/p>\n<!-- \/wp:paragraph -->\n\n<!-- wp:paragraph -->\n<p>Sigortal\u0131n\u0131n ATM \u00fczerinde i\u015flem yaparken veya yapt\u0131ktan sonra ba\u015f\u0131na gelebilecek olaylar sonucu u\u011frayaca\u011f\u0131 nakit kayb\u0131n\u0131 kar\u015f\u0131lar. Sigortal\u0131n\u0131n ATM\u2019lerden para \u00e7ekme i\u015flemi s\u0131ras\u0131nda h\u0131rs\u0131zl\u0131k veya zorla para \u00e7ektirme,veya mekanik d\u00fczenek ile ATM\u2018nin tahrifat\u0131 veya zorla al\u0131\u015fveri\u015f sonucu, fiziksel soygun olaylar\u0131na maruz kalmas\u0131 halinde u\u011frayaca\u011f\u0131 zarar\u0131 teminat alt\u0131na al\u0131r<\/p>\n<!-- \/wp:paragraph -->\n\n<!-- wp:paragraph -->\n<p><strong>A Plan\u0131 &#8211; Acil Di\u015f Tedavileri Teminat\u0131 7\/24 Destek<\/strong><\/p>\n<!-- \/wp:paragraph -->\n\n<!-- wp:paragraph -->\n<p>T\u0131bbi veya Kaza sonucu olu\u015fan ve t\u0131bben acil olarak m\u00fcdahale edilmesi gereken di\u015f rahats\u0131zl\u0131klar\u0131nda, a\u011fr\u0131 veya t\u0131bbi tehlikeyi ortadan kald\u0131r\u0131p hastay\u0131 stabil hale getirinceye kadar gereken ge\u00e7ici t\u0131bbi m\u00fcdahale i\u015flemlerini kapsamaktad\u0131r.<\/p>\n<!-- \/wp:paragraph -->\n\n<!-- wp:paragraph -->\n<p>***Travma sonucunda olu\u015fan di\u015f k\u0131r\u0131klar\u0131nda yap\u0131lacak dolgular i\u00e7in ge\u00e7erlidir. ***Kemik retansiyonlu ve kemik retansiyonsuz 20 ya\u015f di\u015fi operasyonlar\u0131 hari\u00e7tir. ***Kanal extirpasyonlar\u0131 (di\u015f siniri \u00e7\u0131kar\u0131lmas\u0131), vital (canl\u0131) di\u015fler i\u00e7in ge\u00e7erlidir. Kronik enfeksiyonlu di\u015fler (\u00f6nceden gelen rahats\u0131zl\u0131k nedeniyle) kapsam d\u0131\u015f\u0131d\u0131r.<\/p>\n<!-- \/wp:paragraph -->\n\n<!-- wp:paragraph -->\n<p><strong>Vefat Teminat\u0131<\/strong><\/p>\n<!-- \/wp:paragraph -->\n\n<!-- wp:paragraph -->\n<p>Sigortal\u0131, poli\u00e7e \u015fartlar\u0131 kapsam\u0131ndaki bir kaza neticesinde, an\u0131nda ya da kaza tarihini takiben bir y\u0131l i\u00e7erisinde \u00f6l\u00fcrse, sigorta tazminat\u0131 poli\u00e7ede ad\u0131 ge\u00e7en lehtara ya da sigortal\u0131n\u0131n yasal miras\u00e7\u0131lar\u0131na \u00f6denir<\/p>\n<!-- \/wp:paragraph -->\n\n<!-- wp:paragraph -->\n<p><strong>S\u00fcrekli Sakatl\u0131k Teminat\u0131<\/strong><\/p>\n<!-- \/wp:paragraph -->\n\n<!-- wp:paragraph -->\n<p>Sigortal\u0131n\u0131n poli\u00e7e \u015fartlar\u0131 kapsam\u0131ndaki bir kaza neticesinde, an\u0131nda ya da s\u00f6z konusu kazan\u0131n ger\u00e7ekle\u015fti\u011fi g\u00fcnden itibaren iki y\u0131l i\u00e7erisinde s\u00fcrekli sakat kalmas\u0131 durumunda, Ferdi Kaza Sigortas\u0131 Genel \u015eartlar\u0131nda yer alan listedeki oranlar dahilinde, t\u0131bbi tedaviden ve s\u00fcrekli sakatl\u0131k halinin tespitinden sonra s\u00fcrekli sakatl\u0131k tazminat\u0131 \u00f6denir<\/p>\n<!-- \/wp:paragraph -->\n\n<!-- wp:paragraph -->\n<p><strong>Kritik Hastal\u0131klar Teminat\u0131<\/strong><\/p>\n<!-- \/wp:paragraph -->\n\n<!-- wp:paragraph -->\n<p>Sigortal\u0131 poli\u00e7e d\u00f6neminde bu b\u00f6l\u00fcm alt\u0131nda tan\u0131mlanan Kritik Hastal\u0131klardan birine yakalanmas\u0131 ve hastal\u0131\u011f\u0131n te\u015fhisi durumunda (hastal\u0131\u011f\u0131n ve\/veya semptomlar\u0131n ve\/veya tedavinin poli\u00e7e ba\u015flang\u0131c\u0131ndan \u00f6nce var olmamas\u0131 \u015fart\u0131yla) sat\u0131n alm\u0131\u015f oldu\u011fu poli\u00e7e limitlerin d\u00e2hilinde nakdi \u00f6demeye hak kazan\u0131r.<\/p>\n<!-- \/wp:paragraph -->\n\n<!-- wp:paragraph -->\n<p>***Kalp Krizi, Koroner arter cerrahisi, \u0130nme, Kanser, \u00d6nemli organ nakli, Parapleji, K\u00f6rl\u00fck, MultipleSkleroz<\/p>\n<!-- \/wp:paragraph -->\n\n<!-- wp:paragraph -->\n<p><strong>Vefat Teminat\u0131<\/strong><\/p>\n<!-- \/wp:paragraph -->\n\n<!-- wp:paragraph -->\n<p>Sigortal\u0131, poli\u00e7e \u015fartlar\u0131 kapsam\u0131ndaki bir kaza neticesinde, an\u0131nda ya da kaza tarihini takiben bir y\u0131l i\u00e7erisinde \u00f6l\u00fcrse, sigorta tazminat\u0131 poli\u00e7ede ad\u0131 ge\u00e7en lehtara ya da sigortal\u0131n\u0131n yasal miras\u00e7\u0131lar\u0131na \u00f6denir.<\/p>\n<!-- \/wp:paragraph -->\n\n<!-- wp:heading {\"level\":4} -->\n<h4 class=\"wp-block-heading\"><strong>E\u011fitim Ferdi Kaza Sigortas\u0131<\/strong><\/h4>\n<!-- \/wp:heading -->\n\n<!-- wp:paragraph -->\n<p>Sigortal\u0131n\u0131n kaza sonucu \u00f6l\u00fcm\u00fc, s\u00fcrekli sakat kalmas\u0131 durumunda, poli\u00e7ede ismi kay\u0131tl\u0131 \u00f6\u011frenciye ait, \u00f6demesini \u00fcstlendi\u011fi taksite ba\u011fl\u0131 t\u00fcm y\u0131ll\u0131k e\u011fitim, servis ve yemek harcamalar\u0131 i\u00e7in Ferdi Kaza Sigortas\u0131 Genel \u015eartlar\u0131 ve poli\u00e7ede yaz\u0131l\u0131 \u00f6zel \u015fartlar \u00e7er\u00e7evesinde poli\u00e7ede kay\u0131tl\u0131 azami bedele kadar teminata dahildir.<br><br>Bu teminatlar\u0131n yan\u0131 s\u0131ra, sigortal\u0131n\u0131n herhangi bir kaza sonucu tedavi masraflar\u0131 dahil olup Medline acil sa\u011fl\u0131k hizmetleri ile desteklenmektedir. Yine poli\u00e7e s\u00fcresi i\u00e7inde sigortal\u0131n\u0131n maruz kalabilece\u011fi kritik hastal\u0131klar teminat\u0131 ilave edilmi\u015ftir.<br>\u00d6\u011frenciye ili\u015fkin olarak ebeveynin maruz kalabilece\u011fi bir kaza sonucu kazaya ba\u011fl\u0131 olarak \u00f6\u011frencinin;<\/p>\n<!-- \/wp:paragraph -->\n\n<!-- wp:list -->\n<ul><!-- wp:list-item -->\n<li>Okul Cep Har\u00e7l\u0131\u011f\u0131<\/li>\n<!-- \/wp:list-item -->\n\n<!-- wp:list-item -->\n<li>\u00d6zel Ders \u00dccreti<\/li>\n<!-- \/wp:list-item -->\n\n<!-- wp:list-item -->\n<li>Servis Masraf\u0131<\/li>\n<!-- \/wp:list-item -->\n\n<!-- wp:list-item -->\n<li>Yemek Masraf\u0131 poli\u00e7ede belirtilen \u00f6zel \u015fartlar dahilinde temin edilmektedir.<\/li>\n<!-- \/wp:list-item --><\/ul>\n<!-- \/wp:list -->\n\n<!-- wp:paragraph -->\n<p>Ayr\u0131ca, sigortal\u0131ya ili\u015fkin hukuksal koruma teminat\u0131 ile arac\u0131na y\u00f6nelik mini onar\u0131m hizmetlerini de kapsamaktad\u0131r.<\/p>\n<!-- \/wp:paragraph -->\t\t\t\t\t\t<\/div>\n\t\t\t\t<\/div>\n\t\t\t\t\t<\/div>\n\t\t\t\t<\/div>\n\t\t\t\t\t<\/div>\n\t\t<\/div>\n\t\t\t\t<div class=\"elementor-column elementor-col-50 elementor-top-column elementor-element elementor-element-5d3795ea\" data-id=\"5d3795ea\" data-element_type=\"column\">\n\t\t\t<div class=\"elementor-widget-wrap elementor-element-populated\">\n\t\t\t\t\t\t<div class=\"elementor-element elementor-element-ee973d elementor-widget elementor-widget-sidebar\" data-id=\"ee973d\" data-element_type=\"widget\" data-widget_type=\"sidebar.default\">\n\t\t\t\t<div class=\"elementor-widget-container\">\n\t\t\t<li id=\"block-7\" class=\"widget widget_block\">\n<div class=\"wp-block-group has-background is-vertical is-content-justification-center is-layout-flex wp-container-core-group-is-layout-4b2eccd6 wp-block-group-is-layout-flex\" style=\"background-color:#028639\"><div class=\"wp-block-image\">\n<figure class=\"aligncenter size-large is-resized\"><img fetchpriority=\"high\" decoding=\"async\" fetchpriority=\"high\" width=\"745\" height=\"1024\" src=\"https:\/\/pro2.acentemjet.com.tr\/wp-content\/uploads\/2024\/04\/transparent-ui-icon-pin-icon-location-icon-5df084a487e478.7119334115760436845566-745x1024.png\" alt=\"\" class=\"wp-image-67\" style=\"width:91px;height:auto\" srcset=\"https:\/\/pro2.acentemjet.com.tr\/wp-content\/uploads\/2024\/04\/transparent-ui-icon-pin-icon-location-icon-5df084a487e478.7119334115760436845566-745x1024.png 745w, https:\/\/pro2.acentemjet.com.tr\/wp-content\/uploads\/2024\/04\/transparent-ui-icon-pin-icon-location-icon-5df084a487e478.7119334115760436845566-218x300.png 218w, https:\/\/pro2.acentemjet.com.tr\/wp-content\/uploads\/2024\/04\/transparent-ui-icon-pin-icon-location-icon-5df084a487e478.7119334115760436845566-768x1056.png 768w, https:\/\/pro2.acentemjet.com.tr\/wp-content\/uploads\/2024\/04\/transparent-ui-icon-pin-icon-location-icon-5df084a487e478.7119334115760436845566.png 950w\" sizes=\"(max-width: 745px) 100vw, 745px\" \/><\/figure>\n<\/div><\/div>\n<\/li>\n<li id=\"block-9\" class=\"widget widget_block\"><!DOCTYPE html>\n<html lang=\"en\">\n<head>\n<meta charset=\"UTF-8\">\n<meta name=\"viewport\" content=\"width=device-width, initial-scale=1.0\">\n<title>Arka Planl\u0131 Div<\/title>\n<style>\n    .background-div {\n        background-color: #028639;\n        padding: 20px;\n        text-align: center;\n    }\n    .position-img {\n        margin-bottom: 20px;\n    }\n    select {\n        width: 100%;\n        padding: 10px;\n        margin-bottom: 20px;\n    }\n    .btn {\n        background-color: rgba(0, 0, 0, 0.5);\n        color: white;\n        padding: 10px 20px;\n        border: none;\n        border-radius: 5px;\n        cursor: pointer;\n        transition: background-color 0.3s ease;\n    }\n    .btn:hover {\n        background-color: rgba(0, 0, 0, 0.7);\n    }\n    .btn-dark {\n        background-color: rgba(0, 0, 0, 0.9);\n    }\n<\/style>\n<\/head>\n<body>\n<div class=\"background-div\">\n    \n    <select name=\"ctl00$MainContent$DropDownList1\" onchange=\"javascript:setTimeout('__doPostBack(\\'ctl00$MainContent$DropDownList1\\',\\'\\')', 0)\" id=\"MainContent_DropDownList1\" class=\"styled-select auto-style12\">\n        <option selected=\"selected\" value=\"-1\">Sigorta T\u00fcr\u00fcn\u00fc Se\u00e7iniz<\/option>\n        <option value=\"1\">Kasko<\/option>\n        <option value=\"2\">Trafik Sigortas\u0131<\/option>\n        <option value=\"3\">Seyahat Sigortas\u0131<\/option>\n        <option value=\"4\">Konut Sigortas\u0131<\/option>\n        <option value=\"5\">Tamamlay\u0131c\u0131 Sa\u011fl\u0131k<\/option>\n        <option value=\"6\">\u0130\u015fyeri Sigortas\u0131<\/option>\n        <option value=\"7\">Sa\u011fl\u0131k Sigortas\u0131<\/option>\n        <option value=\"8\">Dask<\/option>\n        <option value=\"9\">Bireysel Emeklilik<\/option>\n    <\/select>\n    <button class=\"btn\">TEKL\u0130F AL<\/button><br><br>\n    <button class=\"btn btn-dark\">POL\u0130\u00c7E HATIRLAT<\/button>\n<\/div>\n<\/body>\n<\/html><\/li>\n<li id=\"block-12\" class=\"widget widget_block\">\n<figure class=\"wp-block-pullquote\"><blockquote><p><strong>H\u0130ZMETLER\u0130M\u0130Z<\/strong><\/p><\/blockquote><\/figure>\n<\/li>\n<li id=\"block-11\" class=\"widget widget_block\"><div ><style id=\"sp_pcp_dynamic_style195\">#pcp_wrapper-195 .sp-pcp-row{ margin-right: -10px;margin-left: -10px;}#pcp_wrapper-195 .sp-pcp-row [class*='sp-pcp-col-']{padding-right: 10px;padding-left: 10px;padding-bottom: 20px;}.pcp-wrapper-195 .sp-pcp-title a {color: #111;display: inherit;} .pcp-wrapper-195 .sp-pcp-title a:hover {color: #e1624b;}.pcp-wrapper-195 .sp-pcp-post-content{color: #444; }#pcp_wrapper-195 .dots .swiper-pagination-bullet{ background: #cccccc; } #pcp_wrapper-195 .dots .swiper-pagination-bullet-active { background: #D64224; }#pcp_wrapper-195 .pcp-button-prev,#pcp_wrapper-195 .pcp-button-next{ background-image: none; background-size: auto; background-color: #fff; height: 33px; width: 33px; margin-top: 8px; border: 1px solid #aaa; text-align: center; line-height: 30px; -webkit-transition: 0.3s; }#pcp_wrapper-195 .pcp-button-prev:hover, #pcp_wrapper-195 .pcp-button-next:hover{ background-color: #D64224; border-color: #D64224; } #pcp_wrapper-195 .pcp-button-prev .fa, #pcp_wrapper-195 .pcp-button-next .fa { color: #aaa; } #pcp_wrapper-195 .pcp-button-prev:hover .fa, #pcp_wrapper-195 .pcp-button-next:hover .fa { color: #fff; } #pcp_wrapper-195.pcp-carousel-wrapper .sp-pcp-post{ margin-top: 0; }#pcp_wrapper-195 .sp-pcp-post {padding: 0 0 0 0;}#pcp_wrapper-195 .sp-pcp-post {border: 0px solid #e2e2e2;}#pcp_wrapper-195 .sp-pcp-post {border-radius: 0px;}#pcp_wrapper-195 .sp-pcp-post{background-color: transparent;}.pcp-wrapper-195 .sp-pcp-post-meta li,.pcp-wrapper-195 .sp-pcp-post-meta ul,.pcp-wrapper-195 .sp-pcp-post-meta li a{color: #888;}.pcp-wrapper-195 .sp-pcp-post-meta li a:hover{color: #e1624b;}#pcp_wrapper-195 .pcp-readmore-link{ background: transparent; color: #111; border-color: #888; } #pcp_wrapper-195 .pcp-readmore-link:hover { background: #e1624b; color: #fff; border-color: #e1624b; }#pcp_wrapper-195 .pcp-post-pagination .page-numbers.current, #pcp_wrapper-195 .pcp-post-pagination a.active , #pcp_wrapper-195 .pcp-post-pagination a:hover{ color: #ffffff; background: #e1624b; border-color: #e1624b; }#pcp_wrapper-195 .pcp-post-pagination .page-numbers, .pcp-post-pagination a{ background: #ffffff; color:#5e5e5e; border-color: #bbbbbb; }<\/style><!-- Markup Starts -->\n<div id=\"pcp_wrapper-195\" class=\"sp-pcp-section sp-pcp-container pcp-wrapper-195 pcp-carousel-wrapper standard\" data-sid=\"195\">\n\t<div id=\"sp-pcp-id-195\" class=\"swiper-container sp-pcp-carousel top_right\" dir=\"ltr\" data-carousel='{ \"speed\":600, \"items\":1, \"spaceBetween\":20, \"navigation\":true, \"pagination\": true, \"autoplay\": true, \"autoplay_speed\": 4000, \"loop\": true, \"autoHeight\": false, \"lazy\":  true, \"simulateTouch\": true, \"freeMode\": false, \"slider_mouse_wheel\": false,\"allowTouchMove\": true, \"slidesPerView\": {\"lg_desktop\": 1, \"desktop\": 1, \"tablet\": 1, \"mobile_landscape\": 1, \"mobile\": 1}, \"navigation_mobile\": true, \"pagination_mobile\": true, \"stop_onHover\": true, \"enabled\": true, \"prevSlideMessage\": \"Previous slide\", \"nextSlideMessage\": \"Next slide\", \"firstSlideMessage\": \"This is the first slide\", \"lastSlideMessage\": \"This is the last slide\", \"keyboard\": \"true\", \"paginationBulletMessage\": \"Go to slide {{index}}\" }'>\n\t\t\t<div class=\"swiper-wrapper\">\n\t\t\t\t\t\t<div class=\" swiper-slide swiper-lazy\">\n\t\t\t<div class=\"sp-pcp-post pcp-item-419\" data-id=\"419\">\n\t\t\t\t\t\t\t<h2 class=\"sp-pcp-title\">\n\t\t\t\t\t\t\t\t\t<a href=\"https:\/\/pro2.acentemjet.com.tr\/index.php\/2024\/04\/18\/seyahat-saglik-sigortasi\/\"  target=\"_self\">Seyahat Sa\u011fl\u0131k Sigortas\u0131<\/a>\t\t\t\t\t\t\t<\/h2>\n\t\t\t\t\t\t<div class=\"sp-pcp-post-content\">\n\t\t\t<p>Seyahat sa\u011fl\u0131k sigortas\u0131 ula\u015f\u0131m yollar\u0131ndan herhangi birisini kullanarak yurt i\u00e7inde, yurt d\u0131\u015f\u0131na veya yurt d\u0131\u015f\u0131ndan \u00fclkemize seyahat edenleri, seyahatleri esnas\u0131nda kar\u015f\u0131la\u015fabilecekleri sa\u011fl\u0131k risklerine kar\u015f\u0131 koruyan bir \u00f6zel sigorta t\u00fcr\u00fcd\u00fcr.&nbsp; Sigortac\u0131, seyahat s\u0131ras\u0131nda poli\u00e7enin ge\u00e7erlilik tarihleri aras\u0131nda meydana gelen bir kaza veya \u00f6nceden mevcut bir duruma ba\u011fl\u0131 olmayan hastal\u0131k hali sonucunda, planlanan seyahat s\u00fcresi d\u0131\u015f\u0131nda meydana [&hellip;]<\/p>\n\t\t<div class=\"sp-pcp-readmore\">\n\t\t\t\t\t\t\t<a class=\"pcp-readmore-link\" target=\"_self\" href=\"https:\/\/pro2.acentemjet.com.tr\/index.php\/2024\/04\/18\/seyahat-saglik-sigortasi\/\" >\n\t\t\t\t\t\tDevam\u0131n\u0131 Oku <\/a>\n\t\t<\/div>\n\t\t\t\t\t<\/div>\n\t\t\t\t\t\t<\/div>\n\t\t<\/div>\n\t\t\t\t<div class=\" swiper-slide swiper-lazy\">\n\t\t\t<div class=\"sp-pcp-post pcp-item-417\" data-id=\"417\">\n\t\t\t\t\t\t\t<h2 class=\"sp-pcp-title\">\n\t\t\t\t\t\t\t\t\t<a href=\"https:\/\/pro2.acentemjet.com.tr\/index.php\/2024\/04\/18\/saglik-sigortasi-2\/\"  target=\"_self\">Sa\u011fl\u0131k Sigortas\u0131<\/a>\t\t\t\t\t\t\t<\/h2>\n\t\t\t\t\t\t<div class=\"sp-pcp-post-content\">\n\t\t\t<p>Sa\u011fl\u0131\u011f\u0131n\u0131z Do\u011fa Sigorta ile g\u00fcvende\u2026 Do\u011fru Ad\u0131m Tamamlay\u0131c\u0131 Sa\u011fl\u0131k Sigortas\u0131 nas\u0131l kullan\u0131l\u0131r? Do\u011fa Sigorta Tamamlay\u0131c\u0131 Sa\u011fl\u0131k Sigortas\u0131, sizin ve ailenizin beklenmedik sa\u011fl\u0131k sorunlar\u0131nda hem SGK hem de Do\u011fa Sigorta ile anla\u015fmal\u0131 \u00f6zel hastanelerdeki fark \u00fccretlerinizi b\u00fct\u00e7enize uygun primlerle g\u00fcvence alt\u0131na al\u0131r. Yabanc\u0131 Uyruklulara \u00d6zel &#8216;Turuncu Sa\u011fl\u0131k Sigortas\u0131&#8217; Yabanc\u0131 uyruklu (T.C. vatanda\u015f\u0131 olmayan) ki\u015filerin k\u0131sa d\u00f6nem [&hellip;]<\/p>\n\t\t<div class=\"sp-pcp-readmore\">\n\t\t\t\t\t\t\t<a class=\"pcp-readmore-link\" target=\"_self\" href=\"https:\/\/pro2.acentemjet.com.tr\/index.php\/2024\/04\/18\/saglik-sigortasi-2\/\" >\n\t\t\t\t\t\tDevam\u0131n\u0131 Oku <\/a>\n\t\t<\/div>\n\t\t\t\t\t<\/div>\n\t\t\t\t\t\t<\/div>\n\t\t<\/div>\n\t\t\t\t<div class=\" swiper-slide swiper-lazy\">\n\t\t\t<div class=\"sp-pcp-post pcp-item-415\" data-id=\"415\">\n\t\t\t\t\t\t\t<h2 class=\"sp-pcp-title\">\n\t\t\t\t\t\t\t\t\t<a href=\"https:\/\/pro2.acentemjet.com.tr\/index.php\/2024\/04\/18\/sorumluluk-sigortasi-2\/\"  target=\"_self\">Sorumluluk Sigortas\u0131<\/a>\t\t\t\t\t\t\t<\/h2>\n\t\t\t\t\t\t<div class=\"sp-pcp-post-content\">\n\t\t\t<p>Zorunlu Yolcu Ta\u015f\u0131mac\u0131l\u0131k Mali Sorumluluk Bu sigorta, yurti\u00e7i ve uluslararas\u0131 yolcu ta\u015f\u0131mac\u0131l\u0131\u011f\u0131 kapsam\u0131nda seyahat eden yolcular\u0131, s\u00fcr\u00fcc\u00fcleri ve yard\u0131mc\u0131lar\u0131n\u0131, ta\u015f\u0131mac\u0131l\u0131k hizmetinin ba\u015flang\u0131c\u0131ndan bitimine kadar ge\u00e7en seyahat s\u00fcresi i\u00e7inde, duraklamalar da dahil olmak \u00fczere, maruz kalacaklar\u0131 her t\u00fcrl\u00fc kazalar\u0131n neticelerine kar\u015f\u0131 a\u015fa\u011f\u0131daki \u015fartlar \u00e7er\u00e7evesinde teminat alt\u0131na al\u0131r.&nbsp; Maden \u00c7al\u0131\u015fanlar\u0131 Zorunlu Ferdi Kaza Sigortas\u0131 Yer alt\u0131 ve [&hellip;]<\/p>\n\t\t<div class=\"sp-pcp-readmore\">\n\t\t\t\t\t\t\t<a class=\"pcp-readmore-link\" target=\"_self\" href=\"https:\/\/pro2.acentemjet.com.tr\/index.php\/2024\/04\/18\/sorumluluk-sigortasi-2\/\" >\n\t\t\t\t\t\tDevam\u0131n\u0131 Oku <\/a>\n\t\t<\/div>\n\t\t\t\t\t<\/div>\n\t\t\t\t\t\t<\/div>\n\t\t<\/div>\n\t\t\t\t<div class=\" swiper-slide swiper-lazy\">\n\t\t\t<div class=\"sp-pcp-post pcp-item-413\" data-id=\"413\">\n\t\t\t\t\t\t\t<h2 class=\"sp-pcp-title\">\n\t\t\t\t\t\t\t\t\t<a href=\"https:\/\/pro2.acentemjet.com.tr\/index.php\/2024\/04\/18\/nakliyat-sigortasi-2\/\"  target=\"_self\">Nakliyat Sigortas\u0131<\/a>\t\t\t\t\t\t\t<\/h2>\n\t\t\t\t\t\t<div class=\"sp-pcp-post-content\">\n\t\t\t<p>Sahibi bulundu\u011funuz mallar\u0131n, \u00e7e\u015fitli nakil vas\u0131talar\u0131 ile bir yerden di\u011fer bir yere ta\u015f\u0131nmas\u0131, bu ta\u015f\u0131nma s\u0131ras\u0131nda da olu\u015fabilecek \u00e7e\u015fitli rizikolara kar\u015f\u0131 g\u00fcvence alt\u0131na al\u0131nmas\u0131 Emtia Nakliyat Sigortas\u0131 \u00fcr\u00fcn\u00fcm\u00fcz ile sa\u011flanmaktad\u0131r. Ayr\u0131ca, Sigortal\u0131 olarak sadece emtian\u0131z\u0131n de\u011ferini de\u011fil, &nbsp;navlun, sigorta \u00fccreti ve \u00f6ng\u00f6r\u00fclen kar gibi baz\u0131 ek giderleriniz de teminat alt\u0131na al\u0131nabilmektedir. Bu \u00fcr\u00fcn\u00fcm\u00fczde mal\u0131n\u0131z\u0131n g\u00fcvence [&hellip;]<\/p>\n\t\t<div class=\"sp-pcp-readmore\">\n\t\t\t\t\t\t\t<a class=\"pcp-readmore-link\" target=\"_self\" href=\"https:\/\/pro2.acentemjet.com.tr\/index.php\/2024\/04\/18\/nakliyat-sigortasi-2\/\" >\n\t\t\t\t\t\tDevam\u0131n\u0131 Oku <\/a>\n\t\t<\/div>\n\t\t\t\t\t<\/div>\n\t\t\t\t\t\t<\/div>\n\t\t<\/div>\n\t\t\t\t<div class=\" swiper-slide swiper-lazy\">\n\t\t\t<div class=\"sp-pcp-post pcp-item-411\" data-id=\"411\">\n\t\t\t\t\t\t\t<h2 class=\"sp-pcp-title\">\n\t\t\t\t\t\t\t\t\t<a href=\"https:\/\/pro2.acentemjet.com.tr\/index.php\/2024\/04\/18\/muhendislik-sigortasi-2\/\"  target=\"_self\">M\u00fchendislik Sigortas\u0131<\/a>\t\t\t\t\t\t\t<\/h2>\n\t\t\t\t\t\t<div class=\"sp-pcp-post-content\">\n\t\t\t<p>Do\u011fa&nbsp;M\u00fchendislik Sigortalar\u0131 ile projenizin ba\u015flang\u0131c\u0131ndan sonuna kadar \u00fcretimi aksatacak her t\u00fcrl\u00fc risk teminat kapsam\u0131nda g\u00fcvence alt\u0131na al\u0131n\u0131r. Makine K\u0131r\u0131lmas\u0131 Sigortas\u0131, Elektronik Cihaz Sigortas\u0131, \u0130n\u015faat All Risks Sigortas\u0131, Montaj All Risks Sigortas\u0131, Do\u011falgaz Tesisat Sigortas\u0131 \u00fcr\u00fcnlerimizle i\u015finizin aksamamas\u0131 i\u00e7in size \u00f6zel olanaklar sunuyoruz. Makine K\u0131r\u0131lmas\u0131 Sigorta Kapsam\u0131: Bu poli\u00e7e, imalat y\u0131llar\u0131, nitelikleri ve de\u011ferleri yaz\u0131l\u0131 makine [&hellip;]<\/p>\n\t\t<div class=\"sp-pcp-readmore\">\n\t\t\t\t\t\t\t<a class=\"pcp-readmore-link\" target=\"_self\" href=\"https:\/\/pro2.acentemjet.com.tr\/index.php\/2024\/04\/18\/muhendislik-sigortasi-2\/\" >\n\t\t\t\t\t\tDevam\u0131n\u0131 Oku <\/a>\n\t\t<\/div>\n\t\t\t\t\t<\/div>\n\t\t\t\t\t\t<\/div>\n\t\t<\/div>\n\t\t\t\t<div class=\" swiper-slide swiper-lazy\">\n\t\t\t<div class=\"sp-pcp-post pcp-item-409\" data-id=\"409\">\n\t\t\t\t\t\t\t<h2 class=\"sp-pcp-title\">\n\t\t\t\t\t\t\t\t\t<a href=\"https:\/\/pro2.acentemjet.com.tr\/index.php\/2024\/04\/18\/ferdi-kaza-sigortasi-2\/\"  target=\"_self\">Ferdi Kaza Sigortas\u0131<\/a>\t\t\t\t\t\t\t<\/h2>\n\t\t\t\t\t\t<div class=\"sp-pcp-post-content\">\n\t\t\t<p>Ferdi kaza sigortas\u0131, ani ve beklenmedik kazalar\u0131n sonu\u00e7lar\u0131na kar\u015f\u0131 a\u015fa\u011f\u0131daki risklere kar\u015f\u0131 g\u00fcvence sa\u011flar. Do\u011fal Destek Ferdi Kaza Sigortas\u0131 Atm Teminat\u0131 Sigortal\u0131n\u0131n ATM \u00fczerinde i\u015flem yaparken veya yapt\u0131ktan sonra ba\u015f\u0131na gelebilecek olaylar sonucu u\u011frayaca\u011f\u0131 nakit kayb\u0131n\u0131 kar\u015f\u0131lar. Sigortal\u0131n\u0131n ATM\u2019lerden para \u00e7ekme i\u015flemi s\u0131ras\u0131nda h\u0131rs\u0131zl\u0131k veya zorla para \u00e7ektirme,veya mekanik d\u00fczenek ile ATM\u2018nin tahrifat\u0131 veya zorla [&hellip;]<\/p>\n\t\t<div class=\"sp-pcp-readmore\">\n\t\t\t\t\t\t\t<a class=\"pcp-readmore-link\" target=\"_self\" href=\"https:\/\/pro2.acentemjet.com.tr\/index.php\/2024\/04\/18\/ferdi-kaza-sigortasi-2\/\" >\n\t\t\t\t\t\tDevam\u0131n\u0131 Oku <\/a>\n\t\t<\/div>\n\t\t\t\t\t<\/div>\n\t\t\t\t\t\t<\/div>\n\t\t<\/div>\n\t\t\t\t\t<\/div>\n\t\t\t\t\t\t<div class=\"pcp-pagination swiper-pagination dots\"><\/div>\n\t\t\t\t\t\t\t\t\t\t<div class=\"pcp-button-next swiper-button-next top_right\"><i class=\"fa fa-angle-right\"><\/i><\/div>\n\t\t\t\t<div class=\"pcp-button-prev swiper-button-prev top_right\"><i class=\"fa fa-angle-left\"><\/i><\/div>\t<\/div>\n<\/div>\n<\/div><\/li>\n\t\t<\/div>\n\t\t\t\t<\/div>\n\t\t\t\t\t<\/div>\n\t\t<\/div>\n\t\t\t\t\t<\/div>\n\t\t<\/section>\n\t\t\t\t<\/div>\n\t\t","protected":false},"excerpt":{"rendered":"<p>Ferdi kaza sigortas\u0131, ani ve beklenmedik kazalar\u0131n sonu\u00e7lar\u0131na kar\u015f\u0131 a\u015fa\u011f\u0131daki risklere kar\u015f\u0131 g\u00fcvence sa\u011flar. Do\u011fal Destek Ferdi Kaza Sigortas\u0131 Atm Teminat\u0131 Sigortal\u0131n\u0131n ATM \u00fczerinde i\u015flem yaparken veya yapt\u0131ktan sonra ba\u015f\u0131na gelebilecek olaylar sonucu u\u011frayaca\u011f\u0131 nakit kayb\u0131n\u0131 kar\u015f\u0131lar. Sigortal\u0131n\u0131n ATM\u2019lerden para \u00e7ekme i\u015flemi s\u0131ras\u0131nda h\u0131rs\u0131zl\u0131k veya zorla para \u00e7ektirme,veya mekanik d\u00fczenek ile ATM\u2018nin tahrifat\u0131 veya zorla [&hellip;]<\/p>\n","protected":false},"author":1,"featured_media":0,"comment_status":"closed","ping_status":"closed","sticky":false,"template":"","format":"standard","meta":{"footnotes":""},"categories":[12],"tags":[],"class_list":["post-409","post","type-post","status-publish","format-standard","hentry","category-doga-sigorta"],"_links":{"self":[{"href":"https:\/\/pro2.acentemjet.com.tr\/index.php\/wp-json\/wp\/v2\/posts\/409","targetHints":{"allow":["GET"]}}],"collection":[{"href":"https:\/\/pro2.acentemjet.com.tr\/index.php\/wp-json\/wp\/v2\/posts"}],"about":[{"href":"https:\/\/pro2.acentemjet.com.tr\/index.php\/wp-json\/wp\/v2\/types\/post"}],"author":[{"embeddable":true,"href":"https:\/\/pro2.acentemjet.com.tr\/index.php\/wp-json\/wp\/v2\/users\/1"}],"replies":[{"embeddable":true,"href":"https:\/\/pro2.acentemjet.com.tr\/index.php\/wp-json\/wp\/v2\/comments?post=409"}],"version-history":[{"count":4,"href":"https:\/\/pro2.acentemjet.com.tr\/index.php\/wp-json\/wp\/v2\/posts\/409\/revisions"}],"predecessor-version":[{"id":640,"href":"https:\/\/pro2.acentemjet.com.tr\/index.php\/wp-json\/wp\/v2\/posts\/409\/revisions\/640"}],"wp:attachment":[{"href":"https:\/\/pro2.acentemjet.com.tr\/index.php\/wp-json\/wp\/v2\/media?parent=409"}],"wp:term":[{"taxonomy":"category","embeddable":true,"href":"https:\/\/pro2.acentemjet.com.tr\/index.php\/wp-json\/wp\/v2\/categories?post=409"},{"taxonomy":"post_tag","embeddable":true,"href":"https:\/\/pro2.acentemjet.com.tr\/index.php\/wp-json\/wp\/v2\/tags?post=409"}],"curies":[{"name":"wp","href":"https:\/\/api.w.org\/{rel}","templated":true}]}}